{"id":20553,"date":"2022-07-19T13:25:07","date_gmt":"2022-07-19T16:25:07","guid":{"rendered":"https:\/\/www.institucional.europa.com.br\/blog\/?p=20553"},"modified":"2023-04-06T11:33:51","modified_gmt":"2023-04-06T14:33:51","slug":"purificador-ou-agua-mineral-2","status":"publish","type":"post","link":"https:\/\/www.institucional.europa.com.br\/blog\/purificador-ou-agua-mineral-2\/","title":{"rendered":"Purificador ou \u00e1gua mineral? Saiba qual escolher!"},"content":{"rendered":"<p><span style=\"font-weight: 400\">Se voc\u00ea ainda tem d\u00favidas para decidir entre <\/span><span style=\"font-weight: 400\">purificador ou \u00e1gua mineral,<\/span><span style=\"font-weight: 400\"> fique ligado! Neste texto, vamos comparar as duas op\u00e7\u00f5es e mostrar qual delas traz mais vantagens para todo mundo.<\/span><\/p>\n<p><span style=\"font-weight: 400\">Antes de mais nada<\/span><span style=\"font-weight: 400\">, \u00e9 importante lembrar a <\/span><a href=\"https:\/\/www.h9j.com.br\/pt\/sobre-nos\/blog\/a-importancia-de-beber-agua\"><span style=\"font-weight: 400\">import\u00e2ncia de beber \u00e1gua para manter a sa\u00fade<\/span><\/a><span style=\"font-weight: 400\">. <\/span><span style=\"font-weight: 400\">Assim<\/span><span style=\"font-weight: 400\">, resta escolher de que maneira voc\u00ea quer fazer a hidrata\u00e7\u00e3o do seu organismo.<\/span><\/p>\n<p><span style=\"font-weight: 400\">\u00c0 primeira vista<\/span><span style=\"font-weight: 400\">, o jeito mais simples e econ\u00f4mico seria <\/span><a href=\"https:\/\/www.institucional.europa.com.br\/blog\/beber-agua-da-torneira\/\"><span style=\"font-weight: 400\">beber \u00e1gua da torneira<\/span><\/a><span style=\"font-weight: 400\">, certo? A \u00e1gua que sai das <\/span><a href=\"https:\/\/www.institucional.europa.com.br\/blog\/de-onde-vem-a-agua-em-sao-paulo\/\"><span style=\"font-weight: 400\">esta\u00e7\u00f5es de tratamento<\/span><\/a><span style=\"font-weight: 400\"> atende aos <\/span><a href=\"https:\/\/www.institucional.europa.com.br\/blog\/qualidade-ideal-da-agua\/\"><span style=\"font-weight: 400\">padr\u00f5es de potabilidade exigidos<\/span><\/a><span style=\"font-weight: 400\">. <\/span><span style=\"font-weight: 400\">Ou seja<\/span><span style=\"font-weight: 400\">, ela \u00e9 pot\u00e1vel, pr\u00f3pria para consumo.\u00a0<\/span><\/p>\n<p><span style=\"font-weight: 400\">Apesar disso<\/span><span style=\"font-weight: 400\">, \u00e9 poss\u00edvel que esta \u00e1gua se contamine nas tubula\u00e7\u00f5es e reservat\u00f3rios. <\/span><span style=\"font-weight: 400\">Al\u00e9m disso<\/span><span style=\"font-weight: 400\">, algumas <\/span><a href=\"https:\/\/www.institucional.europa.com.br\/blog\/microplasticos-agrotoxicos-agua\/\"><span style=\"font-weight: 400\">subst\u00e2ncias nocivas \u00e0 sa\u00fade<\/span><\/a><span style=\"font-weight: 400\"> ainda n\u00e3o conseguem ser retiradas nas esta\u00e7\u00f5es.<\/span><\/p>\n<p><span style=\"font-weight: 400\">Logo,<\/span><span style=\"font-weight: 400\"> esta n\u00e3o \u00e9 uma boa op\u00e7\u00e3o para quem busca a melhoria da qualidade da \u00e1gua. Ent\u00e3o, para saber se \u00e9 melhor ter um<\/span><span style=\"font-weight: 400\"> purificador ou \u00e1gua mineral<\/span><span style=\"font-weight: 400\">, vamos come\u00e7ar pelos tipos de \u00e1gua?<\/span><\/p>\n<h2><b>O que \u00e9 e de onde vem a \u00e1gua mineral?<\/b><\/h2>\n<p><img loading=\"lazy\" decoding=\"async\" class=\"aligncenter wp-image-20557 size-full\" src=\"https:\/\/www.institucional.europa.com.br\/blog\/wp-content\/uploads\/2022\/06\/mineral.jpg\" alt=\"\" width=\"1000\" height=\"665\" srcset=\"https:\/\/www.institucional.europa.com.br\/blog\/wp-content\/uploads\/2022\/06\/mineral.jpg 1000w, https:\/\/www.institucional.europa.com.br\/blog\/wp-content\/uploads\/2022\/06\/mineral-300x200.jpg 300w, https:\/\/www.institucional.europa.com.br\/blog\/wp-content\/uploads\/2022\/06\/mineral-768x511.jpg 768w, https:\/\/www.institucional.europa.com.br\/blog\/wp-content\/uploads\/2022\/06\/mineral-600x400.jpg 600w\" sizes=\"(max-width: 1000px) 100vw, 1000px\" \/><\/p>\n<p><span style=\"font-weight: 400\">Trata-se da \u00e1gua proveniente de fontes naturais ou artificiais, que deve ser captada legalmente. <\/span><span style=\"font-weight: 400\">Da mesma forma<\/span><span style=\"font-weight: 400\">, deve apresentar composi\u00e7\u00e3o qu\u00edmica espec\u00edfica, bem como propriedades f\u00edsicas especiais.\u00a0<\/span><\/p>\n<p><span style=\"font-weight: 400\">Segundo<\/span><span style=\"font-weight: 400\"> o <\/span><a href=\"http:\/\/www.planalto.gov.br\/ccivil_03\/Decreto-Lei\/1937-1946\/Del7841.htm\"><span style=\"font-weight: 400\">C\u00f3digo de \u00c1guas Minerais (decreto-lei n\u00ba 7.841)<\/span><\/a><span style=\"font-weight: 400\">, esse tipo de \u00e1gua deve ter algumas caracter\u00edsticas espec\u00edficas. Algumas possuem at\u00e9 propriedades medicamentosas devido aos minerais que t\u00eam em sua composi\u00e7\u00e3o.<\/span><\/p>\n<p><span style=\"font-weight: 400\">O envase da \u00e1gua mineral \u00e9 feito de maneira cuidadosa, para evitar contamina\u00e7\u00f5es. O controle da qualidade existe <\/span><span style=\"font-weight: 400\">igualmente<\/span><span style=\"font-weight: 400\"> para o <\/span><span style=\"font-weight: 400\">purificador ou \u00e1gua mineral.<\/span><span style=\"font-weight: 400\">\u00a0 As empresas de \u00e1gua engarrafada devem atender aos padr\u00f5es determinados pelo<\/span><a href=\"https:\/\/sistemas.anm.gov.br\/SCM\/Extra\/site\/admin\/Default.aspx\"><span style=\"font-weight: 400\"> Departamento Nacional de Produ\u00e7\u00e3o Mineral.\u00a0<\/span><\/a><\/p>\n<p><span style=\"font-weight: 400\">Do mesmo modo<\/span><span style=\"font-weight: 400\">, para vender seus produtos, deve fazer o registro na <\/span><a href=\"https:\/\/www.gov.br\/anvisa\/pt-br\"><span style=\"font-weight: 400\">Anvisa<\/span><\/a><span style=\"font-weight: 400\"> e no Minist\u00e9rio da Sa\u00fade. <\/span><span style=\"font-weight: 400\">Apesar disso<\/span><span style=\"font-weight: 400\">, a \u00e1gua engarrafada ainda pode trazer problemas \u00e0 sua sa\u00fade, e certamente <\/span><a href=\"https:\/\/www.istoedinheiro.com.br\/garrafas-plasticas-se-tornam-a-principal-fonte-de-lixo-nos-oceanos\/\"><span style=\"font-weight: 400\">prejudica o meio ambiente.<\/span><\/a><\/p>\n<p><span style=\"font-weight: 400\">Por exemplo<\/span><span style=\"font-weight: 400\">, a \u00e1gua engarrafada pode ser contaminada nas etapas de envase, armazenamento ou at\u00e9 depois. O tipo de recipiente\/embalagem, <\/span><span style=\"font-weight: 400\">bem como<\/span><span style=\"font-weight: 400\"> a temperatura em que \u00e9 armazenada podem alterar sua qualidade.<\/span><\/p>\n<p><span style=\"font-weight: 400\">Se voc\u00ea se preocupa com o meio ambiente, escolher entre um <\/span><span style=\"font-weight: 400\">purificador ou \u00e1gua mineral<\/span><span style=\"font-weight: 400\"> fica f\u00e1cil. <\/span><span style=\"font-weight: 400\">Definitivamente<\/span><span style=\"font-weight: 400\">, consumir \u00e1gua engarrafada n\u00e3o \u00e9 nada sustent\u00e1vel. Uma pessoa sozinha pode descartar 1460 garrafinhas de 500ml no per\u00edodo de um ano. J\u00e1 pensou nisso?<\/span><\/p>\n<h2><b>O que \u00e9 \u00e1gua purificada?<\/b><\/h2>\n<p><span style=\"font-weight: 400\">A qualidade e a origem da \u00e1gua variam entre um <\/span><span style=\"font-weight: 400\">purificador ou \u00e1gua mineral<\/span><span style=\"font-weight: 400\">. A \u00e1gua purificada \u00e9 proveniente da rede p\u00fablica de abastecimento, captada em rios e bacias da regi\u00e3o.\u00a0<\/span><\/p>\n<p><span style=\"font-weight: 400\">As esta\u00e7\u00f5es de tratamento realizam os procedimentos necess\u00e1rios para tornar a \u00e1gua pot\u00e1vel. <\/span><span style=\"font-weight: 400\">Contudo<\/span><span style=\"font-weight: 400\">, como j\u00e1 dissemos, nem sempre isso \u00e9 suficiente para remover todos os res\u00edduos contaminantes. \u00c9 justamente a\u00ed que entra o<\/span><a href=\"https:\/\/www.europa.com.br\/naturais\"><span style=\"font-weight: 400\"> purificador de \u00e1gua<\/span><\/a><span style=\"font-weight: 400\">, tornando a \u00e1gua <\/span><a href=\"https:\/\/www.institucional.europa.com.br\/blog\/por-que-purificar-a-agua\/\"><span style=\"font-weight: 400\">mais segura para o consumo<\/span><\/a><span style=\"font-weight: 400\">.<\/span><\/p>\n<p><span style=\"font-weight: 400\">Alguns modelos possuem<\/span><a href=\"https:\/\/www.institucional.europa.com.br\/blog\/purificador-de-agua-antibacteriano\/\"><span style=\"font-weight: 400\"> prote\u00e7\u00e3o contra bact\u00e9rias<\/span><\/a><a href=\"https:\/\/www.institucional.europa.com.br\/blog\/purificador-de-agua-com-ultravioleta\/\"><span style=\"font-weight: 400\"> e at\u00e9 v\u00edrus <\/span><\/a><span style=\"font-weight: 400\">presentes na \u00e1gua. <\/span><span style=\"font-weight: 400\">Como resultado<\/span><span style=\"font-weight: 400\">, o risco de doen\u00e7as por \u00e1gua contaminada diminui. <\/span><span style=\"font-weight: 400\">Al\u00e9m disso<\/span><span style=\"font-weight: 400\">, eliminam o excesso de cloro e liberam c\u00e1lcio e magn\u00e9sio &#8211; ben\u00e9ficos \u00e0 sa\u00fade.\u00a0<\/span><\/p>\n<h2><b>P<\/b><b>urificador ou \u00e1gua mineral: principais diferen\u00e7as<\/b><\/h2>\n<p><span style=\"font-weight: 400\">Primeiramente<\/span><span style=\"font-weight: 400\">, temos a origem da \u00e1gua. A \u00e1gua engarrafada prov\u00e9m de fontes minerais, enquanto a \u00e1gua purificada vem de rios da rede de abastecimento.<\/span><\/p>\n<p><span style=\"font-weight: 400\">Do mesmo modo<\/span><span style=\"font-weight: 400\">, o formato de fornecimento tamb\u00e9m \u00e9 diferente. A \u00e1gua mineral normalmente \u00e9 vendida em garrafas pet ou garraf\u00f5es. J\u00e1 a purificada sai diretamente da torneira do im\u00f3vel antes de passar pelo aparelho.<\/span><\/p>\n<p><span style=\"font-weight: 400\">Al\u00e9m disso<\/span><span style=\"font-weight: 400\">, <\/span><a href=\"https:\/\/www.institucional.europa.com.br\/blog\/agua-mineral-tem-prazo-de-validade\/\"><span style=\"font-weight: 400\">a \u00e1gua mineral tem validade.<\/span><\/a><span style=\"font-weight: 400\"> Portanto, deve ser consumida dentro de um prazo espec\u00edfico, o que n\u00e3o acontece com a purificada.<\/span><\/p>\n<p><img loading=\"lazy\" decoding=\"async\" class=\"wp-image-20556 size-full aligncenter\" src=\"https:\/\/www.institucional.europa.com.br\/blog\/wp-content\/uploads\/2022\/06\/lixo.jpg\" alt=\"\" width=\"1000\" height=\"667\" srcset=\"https:\/\/www.institucional.europa.com.br\/blog\/wp-content\/uploads\/2022\/06\/lixo.jpg 1000w, https:\/\/www.institucional.europa.com.br\/blog\/wp-content\/uploads\/2022\/06\/lixo-300x200.jpg 300w, https:\/\/www.institucional.europa.com.br\/blog\/wp-content\/uploads\/2022\/06\/lixo-768x512.jpg 768w, https:\/\/www.institucional.europa.com.br\/blog\/wp-content\/uploads\/2022\/06\/lixo-600x400.jpg 600w\" sizes=\"(max-width: 1000px) 100vw, 1000px\" \/><\/p>\n<p><span style=\"font-weight: 400\">Por \u00faltimo,<\/span><span style=\"font-weight: 400\"> mas n\u00e3o menos importante, temos o impacto ambiental. Neste aspecto, escolher entre um <\/span><span style=\"font-weight: 400\">purificador ou \u00e1gua mineral <\/span><span style=\"font-weight: 400\">pode fazer toda a diferen\u00e7a para o planeta.<\/span><\/p>\n<p><span style=\"font-weight: 400\">Isto porque, o consumo de \u00e1gua engarrafada s\u00f3 traz preju\u00edzos. O impacto da polui\u00e7\u00e3o das garrafas pl\u00e1sticas <\/span><a href=\"https:\/\/blogs.iadb.org\/brasil\/pt-br\/dia-da-terra-2022-um-mar-de-plasticos-um-oceano-de-lagrimas\/\"><span style=\"font-weight: 400\">j\u00e1 \u00e9 um problema global.<\/span><\/a> <span style=\"font-weight: 400\">Assim tamb\u00e9m<\/span><span style=\"font-weight: 400\">, a <\/span><a href=\"https:\/\/mundoeducacao.uol.com.br\/geografia\/extracao-mineral-os-impactos-ambientais.htm\"><span style=\"font-weight: 400\">extra\u00e7\u00e3o de fontes minerais<\/span><\/a><span style=\"font-weight: 400\"> \u00e9 uma atividade predat\u00f3ria, que causa danos \u00e0 natureza.<\/span><\/p>\n<p><span style=\"font-weight: 400\">Por outro lado<\/span><span style=\"font-weight: 400\">, escolher um purificador \u00e9 uma atitude sustent\u00e1vel em si. \u00c9 um aparelho que pode durar a vida toda, evitando o descarte de pl\u00e1stico e fornecendo \u00e1gua pura. Est\u00e1 ficando cada vez mais f\u00e1cil escolher, n\u00e3o \u00e9?<\/span><\/p>\n<h2><b>O que levar em conta na hora de escolher entre <\/b><b>purificador ou \u00e1gua mineral<\/b><\/h2>\n<p><img loading=\"lazy\" decoding=\"async\" class=\"aligncenter wp-image-20554 size-full\" src=\"https:\/\/www.institucional.europa.com.br\/blog\/wp-content\/uploads\/2022\/06\/purificador.jpg\" alt=\"\" width=\"1181\" height=\"1772\" srcset=\"https:\/\/www.institucional.europa.com.br\/blog\/wp-content\/uploads\/2022\/06\/purificador.jpg 1181w, https:\/\/www.institucional.europa.com.br\/blog\/wp-content\/uploads\/2022\/06\/purificador-200x300.jpg 200w, https:\/\/www.institucional.europa.com.br\/blog\/wp-content\/uploads\/2022\/06\/purificador-682x1024.jpg 682w, https:\/\/www.institucional.europa.com.br\/blog\/wp-content\/uploads\/2022\/06\/purificador-768x1152.jpg 768w, https:\/\/www.institucional.europa.com.br\/blog\/wp-content\/uploads\/2022\/06\/purificador-1024x1536.jpg 1024w\" sizes=\"(max-width: 1181px) 100vw, 1181px\" \/><\/p>\n<p><span style=\"font-weight: 400\">Enfim<\/span><span style=\"font-weight: 400\">, podemos concluir que a \u00e1gua purificada leva muita vantagem nessa escolha. Vamos retomar os principais motivos:\u00a0<\/span><\/p>\n<p><b>Seguran\u00e7a e qualidade<\/b><\/p>\n<p><span style=\"font-weight: 400\">A \u00e1gua mineral \u00e9 suscet\u00edvel a fraudes e n\u00e3o tem proced\u00eancia garantida sempre. \u00c9 poss\u00edvel que voc\u00ea <\/span><a href=\"https:\/\/g1.globo.com\/sp\/sao-paulo\/noticia\/2021\/02\/04\/governo-de-sp-passa-a-exigir-selo-de-procedencia-de-agua-mineral-vendida-no-estado-multa-e-de-r-116-por-garrafao-irregular.ghtml\"><span style=\"font-weight: 400\">pague por \u00e1gua da torneira achando que est\u00e1 comprando uma \u00e1gua mineral.<\/span><\/a><\/p>\n<p><span style=\"font-weight: 400\">Da mesma forma<\/span><span style=\"font-weight: 400\">, a mineral pode ser contaminada nos processos de envase e armazenamento. J\u00e1 com o purificador &#8211; abastecido pela rede p\u00fablica &#8211; isto n\u00e3o acontece.<\/span><\/p>\n<p><b>Sustentabilidade<\/b><\/p>\n<p><span style=\"font-weight: 400\">Definitivamente<\/span><span style=\"font-weight: 400\">, um ponto muito importante na escolha entre um <\/span><span style=\"font-weight: 400\">purificador ou \u00e1gua mineral.<\/span><span style=\"font-weight: 400\"> A primeira gera poucos res\u00edduos ao longo de anos e a segunda consome recursos naturais e polui. A \u00e1gua purificada \u00e9 uma escolha mais consciente e sustent\u00e1vel.<\/span><\/p>\n<p><b>Economia<\/b><\/p>\n<p><span style=\"font-weight: 400\">\u00c0 primeira vista<\/span><span style=\"font-weight: 400\">, pode n\u00e3o parecer, mas investir em um purificador \u00e9 a escolha mais econ\u00f4mica. \u00c9 fato que o investimento inicial do aparelho pode ser relativamente alto. <\/span><span style=\"font-weight: 400\">Por\u00e9m<\/span><span style=\"font-weight: 400\">, compensa muito, pois evita a <\/span><a href=\"https:\/\/www.institucional.europa.com.br\/blog\/preco-do-galao\/\"><span style=\"font-weight: 400\">compra de \u00e1gua engarrafada pelo resto da vida.<\/span><\/a><\/p>\n<p><span style=\"font-weight: 400\">Os gastos mensais do purificador se resumem \u00e0 \u00e1gua e energia el\u00e9trica (para os refrigerados). A cada ano, em m\u00e9dia, existe tamb\u00e9m o custo da <\/span><a href=\"https:\/\/www.institucional.europa.com.br\/blog\/troca-do-refil-de-agua\/\"><span style=\"font-weight: 400\">troca de refil<\/span><\/a><span style=\"font-weight: 400\">.\u00a0<\/span><\/p>\n<p><b>Praticidade e comodidade<\/b><\/p>\n<p><span style=\"font-weight: 400\">Esta talvez seja a diferen\u00e7a mais evidente entre um <\/span><span style=\"font-weight: 400\">purificador ou \u00e1gua mineral.<\/span><span style=\"font-weight: 400\"> Para ter \u00e1gua engarrafada, \u00e9 preciso fazer a compra no supermercado, transportar, armazenar, etc.\u00a0<\/span><\/p>\n<p><span style=\"font-weight: 400\">Por outro lado,<\/span><span style=\"font-weight: 400\"> para ter \u00e1gua purificada, basta acionar o bot\u00e3o do aparelho, e pronto!<\/span><\/p>\n<p><span style=\"font-weight: 400\">Acabaram as d\u00favidas para escolher entre um <\/span><span style=\"font-weight: 400\">purificador ou \u00e1gua mineral?<\/span><span style=\"font-weight: 400\"> Fa\u00e7a uma escolha consciente e leve mais sa\u00fade e praticidade para casa. Conhe\u00e7a a nossa linha de produtos e encontre o modelo ideal para voc\u00ea!<\/span><\/p>\n","protected":false},"excerpt":{"rendered":"<p>Se voc\u00ea ainda tem d\u00favidas para decidir entre purificador ou \u00e1gua mineral, fique ligado! Neste texto, vamos comparar as duas op\u00e7\u00f5es e mostrar qual delas traz mais vantagens para todo mundo. Antes de mais nada, \u00e9 importante lembrar a import\u00e2ncia de beber \u00e1gua para manter a sa\u00fade. Assim, resta escolher de que maneira voc\u00ea quer fazer a hidrata\u00e7\u00e3o do seu organismo. \u00c0 primeira vista, o jeito mais simples e econ\u00f4mico seria beber \u00e1gua da torneira, certo? A \u00e1gua que sai das esta\u00e7\u00f5es de tratamento atende aos padr\u00f5es de potabilidade exigidos. Ou seja, ela \u00e9 pot\u00e1vel, pr\u00f3pria para consumo.\u00a0 Apesar disso, \u00e9 poss\u00edvel que esta \u00e1gua se contamine nas tubula\u00e7\u00f5es e reservat\u00f3rios. Al\u00e9m disso, algumas subst\u00e2ncias nocivas \u00e0 sa\u00fade ainda n\u00e3o conseguem ser retiradas nas esta\u00e7\u00f5es. Logo, esta n\u00e3o \u00e9 uma boa op\u00e7\u00e3o para quem busca a melhoria da qualidade da \u00e1gua. Ent\u00e3o, para saber se \u00e9 melhor ter um purificador ou \u00e1gua mineral, vamos come\u00e7ar pelos tipos de \u00e1gua? O que \u00e9 e de onde vem a \u00e1gua mineral? Trata-se da \u00e1gua proveniente de fontes naturais ou artificiais, que deve ser captada legalmente. Da mesma forma, deve apresentar composi\u00e7\u00e3o qu\u00edmica espec\u00edfica, bem como propriedades f\u00edsicas especiais.\u00a0 Segundo o C\u00f3digo de [&hellip;]<\/p>\n","protected":false},"author":2,"featured_media":20558,"comment_status":"closed","ping_status":"closed","sticky":false,"template":"","format":"standard","meta":{"footnotes":""},"categories":[80,82,84,48],"tags":[],"yoast_head":"<!-- This site is optimized with the Yoast SEO plugin v21.7 - https:\/\/yoast.com\/wordpress\/plugins\/seo\/ -->\n<title>Purificador ou \u00e1gua mineral? Saiba qual escolher!<\/title>\n<meta name=\"description\" content=\"Se voc\u00ea ainda tem d\u00favidas para decidir entre purificador ou \u00e1gua mineral, fique ligado, pois neste texto, vamos comparar as duas op\u00e7\u00f5es!\" \/>\n<meta name=\"robots\" content=\"index, follow, max-snippet:-1, max-image-preview:large, max-video-preview:-1\" \/>\n<link rel=\"canonical\" href=\"https:\/\/www.institucional.europa.com.br\/blog\/purificador-ou-agua-mineral-2\/\" \/>\n<meta property=\"og:locale\" content=\"pt_BR\" \/>\n<meta property=\"og:type\" content=\"article\" \/>\n<meta property=\"og:title\" content=\"Purificador ou \u00e1gua mineral? Saiba qual escolher!\" \/>\n<meta property=\"og:description\" content=\"Se voc\u00ea ainda tem d\u00favidas para decidir entre purificador ou \u00e1gua mineral, fique ligado, pois neste texto, vamos comparar as duas op\u00e7\u00f5es!\" \/>\n<meta property=\"og:url\" content=\"https:\/\/www.institucional.europa.com.br\/blog\/purificador-ou-agua-mineral-2\/\" \/>\n<meta property=\"og:site_name\" content=\"Europa\" \/>\n<meta property=\"article:publisher\" content=\"https:\/\/www.facebook.com\/europapurificadores\" \/>\n<meta property=\"article:published_time\" content=\"2022-07-19T16:25:07+00:00\" \/>\n<meta property=\"article:modified_time\" content=\"2023-04-06T14:33:51+00:00\" \/>\n<meta property=\"og:image\" content=\"https:\/\/www.institucional.europa.com.br\/blog\/wp-content\/uploads\/2022\/06\/CAPA-5-e1666797786680.png\" \/>\n\t<meta property=\"og:image:width\" content=\"999\" \/>\n\t<meta property=\"og:image:height\" content=\"666\" \/>\n\t<meta property=\"og:image:type\" content=\"image\/png\" \/>\n<meta name=\"author\" content=\"Europa\" \/>\n<meta name=\"twitter:card\" content=\"summary_large_image\" \/>\n<meta name=\"twitter:label1\" content=\"Escrito por\" \/>\n\t<meta name=\"twitter:data1\" content=\"Europa\" \/>\n\t<meta name=\"twitter:label2\" content=\"Est. tempo de leitura\" \/>\n\t<meta name=\"twitter:data2\" content=\"6 minutos\" \/>\n<script type=\"application\/ld+json\" class=\"yoast-schema-graph\">{\"@context\":\"https:\/\/schema.org\",\"@graph\":[{\"@type\":\"Article\",\"@id\":\"https:\/\/www.institucional.europa.com.br\/blog\/purificador-ou-agua-mineral-2\/#article\",\"isPartOf\":{\"@id\":\"https:\/\/www.institucional.europa.com.br\/blog\/purificador-ou-agua-mineral-2\/\"},\"author\":{\"name\":\"Europa\",\"@id\":\"https:\/\/www.institucional.europa.com.br\/blog\/#\/schema\/person\/0805aaa577067b7ccbe6c49ca10c3fcc\"},\"headline\":\"Purificador ou \u00e1gua mineral? Saiba qual escolher!\",\"datePublished\":\"2022-07-19T16:25:07+00:00\",\"dateModified\":\"2023-04-06T14:33:51+00:00\",\"mainEntityOfPage\":{\"@id\":\"https:\/\/www.institucional.europa.com.br\/blog\/purificador-ou-agua-mineral-2\/\"},\"wordCount\":1043,\"publisher\":{\"@id\":\"https:\/\/www.institucional.europa.com.br\/blog\/#organization\"},\"articleSection\":[\"Produtos\",\"Sa\u00fade\",\"Tecnologia\",\"Todos\"],\"inLanguage\":\"pt-BR\"},{\"@type\":\"WebPage\",\"@id\":\"https:\/\/www.institucional.europa.com.br\/blog\/purificador-ou-agua-mineral-2\/\",\"url\":\"https:\/\/www.institucional.europa.com.br\/blog\/purificador-ou-agua-mineral-2\/\",\"name\":\"Purificador ou \u00e1gua mineral? Saiba qual escolher!\",\"isPartOf\":{\"@id\":\"https:\/\/www.institucional.europa.com.br\/blog\/#website\"},\"datePublished\":\"2022-07-19T16:25:07+00:00\",\"dateModified\":\"2023-04-06T14:33:51+00:00\",\"description\":\"Se voc\u00ea ainda tem d\u00favidas para decidir entre purificador ou \u00e1gua mineral, fique ligado, pois neste texto, vamos comparar as duas op\u00e7\u00f5es!\",\"breadcrumb\":{\"@id\":\"https:\/\/www.institucional.europa.com.br\/blog\/purificador-ou-agua-mineral-2\/#breadcrumb\"},\"inLanguage\":\"pt-BR\",\"potentialAction\":[{\"@type\":\"ReadAction\",\"target\":[\"https:\/\/www.institucional.europa.com.br\/blog\/purificador-ou-agua-mineral-2\/\"]}]},{\"@type\":\"BreadcrumbList\",\"@id\":\"https:\/\/www.institucional.europa.com.br\/blog\/purificador-ou-agua-mineral-2\/#breadcrumb\",\"itemListElement\":[{\"@type\":\"ListItem\",\"position\":1,\"name\":\"In\u00edcio\",\"item\":\"https:\/\/www.institucional.europa.com.br\/blog\/\"},{\"@type\":\"ListItem\",\"position\":2,\"name\":\"Purificador ou \u00e1gua mineral? Saiba qual escolher!\"}]},{\"@type\":\"WebSite\",\"@id\":\"https:\/\/www.institucional.europa.com.br\/blog\/#website\",\"url\":\"https:\/\/www.institucional.europa.com.br\/blog\/\",\"name\":\"Purificadores Europa\",\"description\":\"O mundo precisa de mais pureza\",\"publisher\":{\"@id\":\"https:\/\/www.institucional.europa.com.br\/blog\/#organization\"},\"potentialAction\":[{\"@type\":\"SearchAction\",\"target\":{\"@type\":\"EntryPoint\",\"urlTemplate\":\"https:\/\/www.institucional.europa.com.br\/blog\/?s={search_term_string}\"},\"query-input\":\"required name=search_term_string\"}],\"inLanguage\":\"pt-BR\"},{\"@type\":\"Organization\",\"@id\":\"https:\/\/www.institucional.europa.com.br\/blog\/#organization\",\"name\":\"Purificadores Europa\",\"url\":\"https:\/\/www.institucional.europa.com.br\/blog\/\",\"logo\":{\"@type\":\"ImageObject\",\"inLanguage\":\"pt-BR\",\"@id\":\"https:\/\/www.institucional.europa.com.br\/blog\/#\/schema\/logo\/image\/\",\"url\":\"https:\/\/europa.com.br\/blog\/wp-content\/uploads\/2018\/08\/logo.png\",\"contentUrl\":\"https:\/\/europa.com.br\/blog\/wp-content\/uploads\/2018\/08\/logo.png\",\"width\":200,\"height\":49,\"caption\":\"Purificadores Europa\"},\"image\":{\"@id\":\"https:\/\/www.institucional.europa.com.br\/blog\/#\/schema\/logo\/image\/\"},\"sameAs\":[\"https:\/\/www.facebook.com\/europapurificadores\",\"https:\/\/www.instagram.com\/purificadoreseuropa_oficial\/\",\"https:\/\/www.youtube.com\/channel\/UCp62KWK-tLexf61dOiO3ZaQ\"]},{\"@type\":\"Person\",\"@id\":\"https:\/\/www.institucional.europa.com.br\/blog\/#\/schema\/person\/0805aaa577067b7ccbe6c49ca10c3fcc\",\"name\":\"Europa\"}]}<\/script>\n<!-- \/ Yoast SEO plugin. -->","yoast_head_json":{"title":"Purificador ou \u00e1gua mineral? Saiba qual escolher!","description":"Se voc\u00ea ainda tem d\u00favidas para decidir entre purificador ou \u00e1gua mineral, fique ligado, pois neste texto, vamos comparar as duas op\u00e7\u00f5es!","robots":{"index":"index","follow":"follow","max-snippet":"max-snippet:-1","max-image-preview":"max-image-preview:large","max-video-preview":"max-video-preview:-1"},"canonical":"https:\/\/www.institucional.europa.com.br\/blog\/purificador-ou-agua-mineral-2\/","og_locale":"pt_BR","og_type":"article","og_title":"Purificador ou \u00e1gua mineral? Saiba qual escolher!","og_description":"Se voc\u00ea ainda tem d\u00favidas para decidir entre purificador ou \u00e1gua mineral, fique ligado, pois neste texto, vamos comparar as duas op\u00e7\u00f5es!","og_url":"https:\/\/www.institucional.europa.com.br\/blog\/purificador-ou-agua-mineral-2\/","og_site_name":"Europa","article_publisher":"https:\/\/www.facebook.com\/europapurificadores","article_published_time":"2022-07-19T16:25:07+00:00","article_modified_time":"2023-04-06T14:33:51+00:00","og_image":[{"width":999,"height":666,"url":"https:\/\/www.institucional.europa.com.br\/blog\/wp-content\/uploads\/2022\/06\/CAPA-5-e1666797786680.png","type":"image\/png"}],"author":"Europa","twitter_card":"summary_large_image","twitter_misc":{"Escrito por":"Europa","Est. tempo de leitura":"6 minutos"},"schema":{"@context":"https:\/\/schema.org","@graph":[{"@type":"Article","@id":"https:\/\/www.institucional.europa.com.br\/blog\/purificador-ou-agua-mineral-2\/#article","isPartOf":{"@id":"https:\/\/www.institucional.europa.com.br\/blog\/purificador-ou-agua-mineral-2\/"},"author":{"name":"Europa","@id":"https:\/\/www.institucional.europa.com.br\/blog\/#\/schema\/person\/0805aaa577067b7ccbe6c49ca10c3fcc"},"headline":"Purificador ou \u00e1gua mineral? Saiba qual escolher!","datePublished":"2022-07-19T16:25:07+00:00","dateModified":"2023-04-06T14:33:51+00:00","mainEntityOfPage":{"@id":"https:\/\/www.institucional.europa.com.br\/blog\/purificador-ou-agua-mineral-2\/"},"wordCount":1043,"publisher":{"@id":"https:\/\/www.institucional.europa.com.br\/blog\/#organization"},"articleSection":["Produtos","Sa\u00fade","Tecnologia","Todos"],"inLanguage":"pt-BR"},{"@type":"WebPage","@id":"https:\/\/www.institucional.europa.com.br\/blog\/purificador-ou-agua-mineral-2\/","url":"https:\/\/www.institucional.europa.com.br\/blog\/purificador-ou-agua-mineral-2\/","name":"Purificador ou \u00e1gua mineral? Saiba qual escolher!","isPartOf":{"@id":"https:\/\/www.institucional.europa.com.br\/blog\/#website"},"datePublished":"2022-07-19T16:25:07+00:00","dateModified":"2023-04-06T14:33:51+00:00","description":"Se voc\u00ea ainda tem d\u00favidas para decidir entre purificador ou \u00e1gua mineral, fique ligado, pois neste texto, vamos comparar as duas op\u00e7\u00f5es!","breadcrumb":{"@id":"https:\/\/www.institucional.europa.com.br\/blog\/purificador-ou-agua-mineral-2\/#breadcrumb"},"inLanguage":"pt-BR","potentialAction":[{"@type":"ReadAction","target":["https:\/\/www.institucional.europa.com.br\/blog\/purificador-ou-agua-mineral-2\/"]}]},{"@type":"BreadcrumbList","@id":"https:\/\/www.institucional.europa.com.br\/blog\/purificador-ou-agua-mineral-2\/#breadcrumb","itemListElement":[{"@type":"ListItem","position":1,"name":"In\u00edcio","item":"https:\/\/www.institucional.europa.com.br\/blog\/"},{"@type":"ListItem","position":2,"name":"Purificador ou \u00e1gua mineral? Saiba qual escolher!"}]},{"@type":"WebSite","@id":"https:\/\/www.institucional.europa.com.br\/blog\/#website","url":"https:\/\/www.institucional.europa.com.br\/blog\/","name":"Purificadores Europa","description":"O mundo precisa de mais pureza","publisher":{"@id":"https:\/\/www.institucional.europa.com.br\/blog\/#organization"},"potentialAction":[{"@type":"SearchAction","target":{"@type":"EntryPoint","urlTemplate":"https:\/\/www.institucional.europa.com.br\/blog\/?s={search_term_string}"},"query-input":"required name=search_term_string"}],"inLanguage":"pt-BR"},{"@type":"Organization","@id":"https:\/\/www.institucional.europa.com.br\/blog\/#organization","name":"Purificadores Europa","url":"https:\/\/www.institucional.europa.com.br\/blog\/","logo":{"@type":"ImageObject","inLanguage":"pt-BR","@id":"https:\/\/www.institucional.europa.com.br\/blog\/#\/schema\/logo\/image\/","url":"https:\/\/europa.com.br\/blog\/wp-content\/uploads\/2018\/08\/logo.png","contentUrl":"https:\/\/europa.com.br\/blog\/wp-content\/uploads\/2018\/08\/logo.png","width":200,"height":49,"caption":"Purificadores Europa"},"image":{"@id":"https:\/\/www.institucional.europa.com.br\/blog\/#\/schema\/logo\/image\/"},"sameAs":["https:\/\/www.facebook.com\/europapurificadores","https:\/\/www.instagram.com\/purificadoreseuropa_oficial\/","https:\/\/www.youtube.com\/channel\/UCp62KWK-tLexf61dOiO3ZaQ"]},{"@type":"Person","@id":"https:\/\/www.institucional.europa.com.br\/blog\/#\/schema\/person\/0805aaa577067b7ccbe6c49ca10c3fcc","name":"Europa"}]}},"_links":{"self":[{"href":"https:\/\/www.institucional.europa.com.br\/blog\/wp-json\/wp\/v2\/posts\/20553"}],"collection":[{"href":"https:\/\/www.institucional.europa.com.br\/blog\/wp-json\/wp\/v2\/posts"}],"about":[{"href":"https:\/\/www.institucional.europa.com.br\/blog\/wp-json\/wp\/v2\/types\/post"}],"author":[{"embeddable":true,"href":"https:\/\/www.institucional.europa.com.br\/blog\/wp-json\/wp\/v2\/users\/2"}],"replies":[{"embeddable":true,"href":"https:\/\/www.institucional.europa.com.br\/blog\/wp-json\/wp\/v2\/comments?post=20553"}],"version-history":[{"count":0,"href":"https:\/\/www.institucional.europa.com.br\/blog\/wp-json\/wp\/v2\/posts\/20553\/revisions"}],"wp:featuredmedia":[{"embeddable":true,"href":"https:\/\/www.institucional.europa.com.br\/blog\/wp-json\/wp\/v2\/media\/20558"}],"wp:attachment":[{"href":"https:\/\/www.institucional.europa.com.br\/blog\/wp-json\/wp\/v2\/media?parent=20553"}],"wp:term":[{"taxonomy":"category","embeddable":true,"href":"https:\/\/www.institucional.europa.com.br\/blog\/wp-json\/wp\/v2\/categories?post=20553"},{"taxonomy":"post_tag","embeddable":true,"href":"https:\/\/www.institucional.europa.com.br\/blog\/wp-json\/wp\/v2\/tags?post=20553"}],"curies":[{"name":"wp","href":"https:\/\/api.w.org\/{rel}","templated":true}]}}