{"id":20446,"date":"2022-05-20T12:26:59","date_gmt":"2022-05-20T15:26:59","guid":{"rendered":"https:\/\/www.institucional.europa.com.br\/blog\/?p=20446"},"modified":"2023-04-10T14:46:45","modified_gmt":"2023-04-10T17:46:45","slug":"iniciativas-sustentaveis-bahia","status":"publish","type":"post","link":"https:\/\/www.institucional.europa.com.br\/blog\/iniciativas-sustentaveis-bahia\/","title":{"rendered":"Iniciativas sustent\u00e1veis na Bahia fazem a diferen\u00e7a!"},"content":{"rendered":"<p><span style=\"font-weight: 400;\">Se voc\u00ea ainda n\u00e3o conhece as<\/span><span style=\"font-weight: 400;\"> iniciativas sustent\u00e1veis na Bahia<\/span><span style=\"font-weight: 400;\">, vai se encantar! <\/span><span style=\"font-weight: 400;\">Definitivamente<\/span><span style=\"font-weight: 400;\">, este tipo de a\u00e7\u00e3o \u00e9 o que o mundo mais precisa no momento.\u00a0<\/span><\/p>\n<p><a href=\"https:\/\/www.institucional.europa.com.br\/blog\/acabar-com-a-falta-de-agua\/\"><span style=\"font-weight: 400;\">Pelo mundo afora<\/span><\/a><span style=\"font-weight: 400;\">, existem <\/span><a href=\"https:\/\/www.institucional.europa.com.br\/blog\/exemplo-sustentabilidade-empresa\/\"><span style=\"font-weight: 400;\">muitas empresas <\/span><\/a><span style=\"font-weight: 400;\">e <\/span><a href=\"https:\/\/www.institucional.europa.com.br\/blog\/transformar-ar-em-agua-potavel\/\"><span style=\"font-weight: 400;\">pessoas <\/span><\/a><span style=\"font-weight: 400;\">tentando desenvolver projetos de sustentabilidade. Na Bahia, n\u00e3o \u00e9 diferente. No final de 2021, um <\/span><a href=\"https:\/\/g1.globo.com\/ba\/bahia\/noticia\/2021\/11\/18\/iniciativas-de-sustentabilidade-na-industria-baiana-sao-premiadas-em-evento-da-fieb-em-salvador.ghtml\"><span style=\"font-weight: 400;\">evento premiou 8 iniciativas da ind\u00fastria baiana<\/span><\/a><span style=\"font-weight: 400;\">, que merecem muito destaque.<\/span><\/p>\n<p><span style=\"font-weight: 400;\">Projetos de institui\u00e7\u00f5es privadas e p\u00fablicas, <\/span><span style=\"font-weight: 400;\">bem como<\/span><span style=\"font-weight: 400;\"> de sindicatos receberam seu reconhecimento. Por todo o estado, existem a\u00e7\u00f5es que geram <\/span><a href=\"https:\/\/www.indigoag.com.br\/pt-br\/blog\/os-3-pilares-da-sustentabilidade\"><span style=\"font-weight: 400;\">impacto social, ambiental e econ\u00f4mico<\/span><\/a><span style=\"font-weight: 400;\"> muito positivo.\u00a0<\/span><\/p>\n<p><span style=\"font-weight: 400;\">Assim,<\/span><span style=\"font-weight: 400;\"> nos \u00faltimos anos, <\/span><a href=\"https:\/\/www.correio24horas.com.br\/noticia\/nid\/acoes-ambientais-ajudam-salvador-a-conquistar-o-posto-de-capital-mais-verde-do-brasil\/\"><span style=\"font-weight: 400;\">Salvador tem sido considerada a capital mais verde do pa\u00eds<\/span><\/a><span style=\"font-weight: 400;\">. A seguir, vamos destacar 3 <\/span><span style=\"font-weight: 400;\">iniciativas sustent\u00e1veis na Bahia<\/span><span style=\"font-weight: 400;\"> que voc\u00ea precisa conhecer!<\/span><\/p>\n<h2><b>3 <\/b><b>iniciativas sustent\u00e1veis na Bahia<\/b><b> que d\u00e3o orgulho de ser brasileiro<\/b><\/h2>\n<p><b>1- EcoCiclo<\/b><\/p>\n<p><span style=\"font-weight: 400;\">Antes de mais nada<\/span><span style=\"font-weight: 400;\">, a EcoCiclo \u00e9 uma iniciativa <\/span><a href=\"https:\/\/www.institucional.europa.com.br\/blog\/mulheres-na-lideranca\/\"><span style=\"font-weight: 400;\">liderada por mulheres<\/span><\/a><span style=\"font-weight: 400;\"> e concebida para mulheres. Em 2018, a jovem empres\u00e1ria Hellen Nzinga se sensibilizou com a situa\u00e7\u00e3o de <\/span><a href=\"https:\/\/guiadoestudante.abril.com.br\/atualidades\/o-que-e-pobreza-menstrual-e-como-ela-afeta-a-sociedade\/\"><span style=\"font-weight: 400;\">mulheres que sofrem com a pobreza menstrual.<\/span><\/a><\/p>\n<p><span style=\"font-weight: 400;\">Portanto, a empres\u00e1ria buscou o apoio de outras mulheres para mudar esse cen\u00e1rio. Ela participa do<\/span><a href=\"https:\/\/www.programaprolider.com.br\/\"><span style=\"font-weight: 400;\"> Pr\u00f3-L\u00edder,<\/span><\/a><span style=\"font-weight: 400;\"> um programa nacional de empreendedorismo de impacto de lideran\u00e7as femininas.\u00a0<\/span><\/p>\n<p><span style=\"font-weight: 400;\">Com um time de especialistas, durante seis meses o programa ensina sobre problemas do Brasil. <\/span><span style=\"font-weight: 400;\">Posteriormente<\/span><span style=\"font-weight: 400;\">, o desafio \u00e9 propor um empreendimento que impacte a vida das pessoas.<\/span><\/p>\n<p><span style=\"font-weight: 400;\">Juntamente com<\/span><span style=\"font-weight: 400;\"> suas s\u00f3cias no Pr\u00f3-L\u00edder, Hellen Nzinga passou a buscar uma solu\u00e7\u00e3o para a pobreza menstrual<\/span><b>. <\/b>Dessa forma<b>,<\/b><span style=\"font-weight: 400;\">\u00a0surgiu o EcoCiclo, uma das principais <\/span><span style=\"font-weight: 400;\">iniciativas sustent\u00e1veis na Bahia. Ela deu<\/span><span style=\"font-weight: 400;\">\u00a0origem ao primeiro absorvente biodegrad\u00e1vel do Brasil.<\/span><\/p>\n<p><span style=\"font-weight: 400;\"><img loading=\"lazy\" decoding=\"async\" class=\"aligncenter wp-image-20448 size-full\" src=\"https:\/\/www.institucional.europa.com.br\/blog\/wp-content\/uploads\/2022\/05\/ecociclo.png\" alt=\"\" width=\"334\" height=\"369\" srcset=\"https:\/\/www.institucional.europa.com.br\/blog\/wp-content\/uploads\/2022\/05\/ecociclo.png 334w, https:\/\/www.institucional.europa.com.br\/blog\/wp-content\/uploads\/2022\/05\/ecociclo-272x300.png 272w\" sizes=\"(max-width: 334px) 100vw, 334px\" \/>O absorvente comum de pl\u00e1stico leva muitos anos para se<\/span><a href=\"https:\/\/www.ecycle.com.br\/decomposicao\/\"><span style=\"font-weight: 400;\"> decompor na natureza. <\/span><\/a><span style=\"font-weight: 400;\">Por outro lado<\/span><span style=\"font-weight: 400;\">, o EcoCiclo se decomp\u00f5e em apenas 6 meses. O produto \u00e9 testado e certificado, e sua efici\u00eancia \u00e9 at\u00e9 maior que a do absorvente de pl\u00e1stico.<\/span><\/p>\n<p><span style=\"font-weight: 400;\">O grande objetivo do EcoCiclo era empregar mulheres em situa\u00e7\u00e3o de vulnerabilidade na produ\u00e7\u00e3o e revenda de absorventes. Agora, esta \u00e9 uma das <\/span><span style=\"font-weight: 400;\">iniciativas sustent\u00e1veis na Bahia <\/span><span style=\"font-weight: 400;\">que j\u00e1 cresceu e ampliou sua abrang\u00eancia.<\/span><\/p>\n<p><span style=\"font-weight: 400;\">Criado por 4 mulheres perif\u00e9ricas, atualmente o <\/span><a href=\"https:\/\/ecociclooficial.com.br\/\"><span style=\"font-weight: 400;\">EcoCiclo j\u00e1 se tornou um marketplace<\/span><\/a><span style=\"font-weight: 400;\">. <\/span><span style=\"font-weight: 400;\">Dessa forma<\/span><span style=\"font-weight: 400;\">, al\u00e9m de comercializar o absorvente, \u00e9 poss\u00edvel estimular o empreendedorismo feminino como um todo.<\/span><\/p>\n<p><span style=\"font-weight: 400;\">Assim<\/span><span style=\"font-weight: 400;\">, a plataforma oferece produtos sustent\u00e1veis feitos por mulheres, como a\u00a0<\/span><a href=\"https:\/\/www.instagram.com\/costura.solidaria.sustentavel\/\"><span style=\"font-weight: 400;\">Costura Solid\u00e1ria Sustent\u00e1vel.<\/span><\/a><span style=\"font-weight: 400;\">Este grupo de mulheres negras costureiras comercializa bolsas e aventais. <\/span><span style=\"font-weight: 400;\">Do mesmo modo<\/span><span style=\"font-weight: 400;\">, \u00e9 poss\u00edvel encontrar cosm\u00e9ticos naturais, plantas e acess\u00f3rios.<\/span><\/p>\n<p><span style=\"font-weight: 400;\">O marketplace fornece ferramentas profissionalizantes e mais visibilidade \u00e0s mulheres empreendedoras baianas.<\/span><\/p>\n<p>&nbsp;<\/p>\n<h2><b>2- Solos &#8211; reciclagem e economia circular<\/b><\/h2>\n<p><span style=\"font-weight: 400;\">A SOLOS surgiu em 2018, como fruto do sonho de duas mulheres. <\/span><span style=\"font-weight: 400;\">Assim<\/span><span style=\"font-weight: 400;\"> nasceu uma startup que une a paix\u00e3o por conectar-se com a natureza e a inspira\u00e7\u00e3o\u00a0 na intelig\u00eancia dos sistemas naturais.<\/span><span style=\"font-weight: 400;\">\u00a0<\/span><\/p>\n<p><span style=\"font-weight: 400;\"><img loading=\"lazy\" decoding=\"async\" class=\"aligncenter wp-image-20450 size-full\" src=\"https:\/\/www.institucional.europa.com.br\/blog\/wp-content\/uploads\/2022\/05\/SOLOS.jpg\" alt=\"\" width=\"1080\" height=\"1080\" srcset=\"https:\/\/www.institucional.europa.com.br\/blog\/wp-content\/uploads\/2022\/05\/SOLOS.jpg 1080w, https:\/\/www.institucional.europa.com.br\/blog\/wp-content\/uploads\/2022\/05\/SOLOS-300x300.jpg 300w, https:\/\/www.institucional.europa.com.br\/blog\/wp-content\/uploads\/2022\/05\/SOLOS-1024x1024.jpg 1024w, https:\/\/www.institucional.europa.com.br\/blog\/wp-content\/uploads\/2022\/05\/SOLOS-150x150.jpg 150w, https:\/\/www.institucional.europa.com.br\/blog\/wp-content\/uploads\/2022\/05\/SOLOS-768x768.jpg 768w, https:\/\/www.institucional.europa.com.br\/blog\/wp-content\/uploads\/2022\/05\/SOLOS-80x80.jpg 80w, https:\/\/www.institucional.europa.com.br\/blog\/wp-content\/uploads\/2022\/05\/SOLOS-500x500.jpg 500w, https:\/\/www.institucional.europa.com.br\/blog\/wp-content\/uploads\/2022\/05\/SOLOS-1000x1000.jpg 1000w\" sizes=\"(max-width: 1080px) 100vw, 1080px\" \/><\/span><\/p>\n<p><span style=\"font-weight: 400;\">Esta \u00e9 uma das <\/span><span style=\"font-weight: 400;\">iniciativas sustent\u00e1veis na Bahia<\/span><span style=\"font-weight: 400;\"> que procura transformar sociedades em ecossistemas mais justos e abundantes.<\/span><a href=\"https:\/\/alimentesolos.com.br\/recicle\"><span style=\"font-weight: 400;\">O trabalho da Solos<\/span><\/a><span style=\"font-weight: 400;\"> \u00e9 feito <\/span><span style=\"font-weight: 400;\">juntamente com<\/span><span style=\"font-weight: 400;\"> consumidores, cooperativas e grandes marcas. <\/span><b>\u00a0<\/b><\/p>\n<p><a href=\"https:\/\/www.institucional.europa.com.br\/blog\/reciclagem-reutilizacao\/\"><span style=\"font-weight: 400;\">reciclagem,<\/span><\/a> <a href=\"https:\/\/www.institucional.europa.com.br\/blog\/abree-logistica-reversa\/\"><span style=\"font-weight: 400;\">log\u00edstica reversa<\/span><\/a><span style=\"font-weight: 400;\"> e <\/span><a href=\"https:\/\/www.institucional.europa.com.br\/blog\/compostagem\/\"><span style=\"font-weight: 400;\">compostagem<\/span><\/a><span style=\"font-weight: 400;\">, a startup busca mudar a atual realidade. Suas principais frentes de trabalho s\u00e3o: conscientiza\u00e7\u00e3o e cria\u00e7\u00e3o de a\u00e7\u00f5es.\u00a0<\/span><\/p>\n<p><span style=\"font-weight: 400;\">Primeiramente,<\/span><span style=\"font-weight: 400;\"> \u00e9 preciso sensibilizar e engajar a sociedade a respeito da reciclagem da economia circular. Em paralelo, seguem criando a\u00e7\u00f5es que facilitam o descarte das embalagens p\u00f3s-consumo.<\/span><\/p>\n<p><span style=\"font-weight: 400;\">A Solos sempre foi uma promessa de impacto. <\/span><span style=\"font-weight: 400;\">Assim<\/span><span style=\"font-weight: 400;\">, foi a \u00fanica das<\/span><span style=\"font-weight: 400;\"> iniciativas sustent\u00e1veis da Bahia<\/span><span style=\"font-weight: 400;\"> aprovada em um edital de pr\u00e9-acelera\u00e7\u00e3o de neg\u00f3cios. Hoje, j\u00e1 reciclou quase meio milh\u00e3o de quilos de materiais, gerando R $1 milh\u00e3o de renda para os catadores.\u00a0<\/span><\/p>\n<p><span style=\"font-weight: 400;\">Nos \u00faltimos 2 anos, vem realizando trabalhos not\u00e1veis, como <\/span><a href=\"https:\/\/youtu.be\/hauBzOwdNSM\"><span style=\"font-weight: 400;\">a maior a\u00e7\u00e3o de coleta de recicl\u00e1veis do Carnaval brasileiro<\/span><\/a><span style=\"font-weight: 400;\">. Em 2020, a startup retirou 162 toneladas de materiais recicl\u00e1veis das ruas. J\u00e1 em 2021, arrecadou R$50 mil para financiar as despesas das cooperativas de reciclagem durante o per\u00edodo da pandemia.<\/span><\/p>\n<h2><b>3- Camisas Polo Salvador \u00e9 refer\u00eancia em <\/b><b>iniciativas sustent\u00e1veis na Bahia<\/b><\/h2>\n<p><span style=\"font-weight: 400;\"><img loading=\"lazy\" decoding=\"async\" class=\"aligncenter wp-image-20449 size-full\" src=\"https:\/\/www.institucional.europa.com.br\/blog\/wp-content\/uploads\/2022\/05\/POLO.jpg\" alt=\"\" width=\"960\" height=\"720\" srcset=\"https:\/\/www.institucional.europa.com.br\/blog\/wp-content\/uploads\/2022\/05\/POLO.jpg 960w, https:\/\/www.institucional.europa.com.br\/blog\/wp-content\/uploads\/2022\/05\/POLO-300x225.jpg 300w, https:\/\/www.institucional.europa.com.br\/blog\/wp-content\/uploads\/2022\/05\/POLO-768x576.jpg 768w\" sizes=\"(max-width: 960px) 100vw, 960px\" \/><\/span><\/p>\n<p><span style=\"font-weight: 400;\">H\u00e1 10 anos, a capital baiana ganhou um grande exemplo de <\/span><a href=\"https:\/\/www.institucional.europa.com.br\/blog\/sustentabilidade-empresarial\/\"><span style=\"font-weight: 400;\">sustentabilidade empresarial.<\/span><\/a> <span style=\"font-weight: 400;\">Definitivamente,<\/span><span style=\"font-weight: 400;\"> a Polo Salvador vai muito al\u00e9m de produzir fardamentos, trabalhando todos os dias por um mundo melhor.<\/span><\/p>\n<p><span style=\"font-weight: 400;\">Nesse \u00ednterim<\/span><span style=\"font-weight: 400;\">, investimentos em tecnologia e inova\u00e7\u00e3o seguem sendo feitos para tornar a f\u00e1brica cada vez mais sustent\u00e1vel. Esta empresa modelo das <\/span><span style=\"font-weight: 400;\">iniciativas sustent\u00e1veis na Bahia <\/span><span style=\"font-weight: 400;\">re\u00fane mais de 40 medidas de sustentabilidade.<\/span><\/p>\n<p><span style=\"font-weight: 400;\">Com 118 <\/span><a href=\"https:\/\/www.portalsolar.com.br\/placa-solar-fotovoltaica-o-que-voce-precisa-saber\"><span style=\"font-weight: 400;\">placas fotovoltaicas,<\/span><\/a><span style=\"font-weight: 400;\"> a f\u00e1brica investe em <\/span><a href=\"https:\/\/www.institucional.europa.com.br\/blog\/paineis-solares\/\"><span style=\"font-weight: 400;\">capta\u00e7\u00e3o solar <\/span><\/a><span style=\"font-weight: 400;\">e tem autossufici\u00eancia energ\u00e9tica. <\/span><span style=\"font-weight: 400;\">Da mesma forma,<\/span><span style=\"font-weight: 400;\"> tem iniciativas de redu\u00e7\u00e3o de res\u00edduos s\u00f3lidos, <\/span><span style=\"font-weight: 400;\">bem como <\/span><span style=\"font-weight: 400;\">reutiliza\u00e7\u00e3o da \u00e1gua. Conhe\u00e7a outras importantes a\u00e7\u00f5es realizadas pela empresa:<\/span><\/p>\n<ul>\n<li><span style=\"font-weight: 400;\">Gera\u00e7\u00e3o de energia pr\u00f3pria;<\/span><\/li>\n<li><span style=\"font-weight: 400;\">Reaproveitamento de \u00e1gua da chuva;<\/span><\/li>\n<li><span style=\"font-weight: 400;\">Cultivo de horta comunit\u00e1ria;<\/span><\/li>\n<li><span style=\"font-weight: 400;\">compostagem<\/span><\/li>\n<li><span style=\"font-weight: 400;\">Utiliza\u00e7\u00e3o de meios de transporte limpos<\/span><\/li>\n<li><span style=\"font-weight: 400;\">Biblioteca para os funcion\u00e1rios<\/span><\/li>\n<li><span style=\"font-weight: 400;\">Cursos e capacita\u00e7\u00e3o em diversas \u00e1reas para os colaboradores<\/span><\/li>\n<\/ul>\n<p><span style=\"font-weight: 400;\">\u00c9 claro que o carro-chefe da <\/span><a href=\"https:\/\/polosalvador.com.br\/\"><span style=\"font-weight: 400;\">Polo Salvador<\/span><\/a><span style=\"font-weight: 400;\"> n\u00e3o poderia ficar de fora. <\/span><span style=\"font-weight: 400;\">Assim<\/span><span style=\"font-weight: 400;\">, as camisas polo s\u00e3o feitas com materiais reciclados, fibra de algod\u00e3o org\u00e2nico e <\/span><a href=\"https:\/\/www.iamhappee.com.br\/collections\/ecovero\"><span style=\"font-weight: 400;\">EcoVero<\/span><\/a><span style=\"font-weight: 400;\">. Cerca 800 kg de retalhos desses tecidos s\u00e3o doados mensalmente para a Creche Escola Comunit\u00e1ria Fonte de Luz.<\/span><\/p>\n<p><span style=\"font-weight: 400;\">L\u00e1, s\u00e3o transformados em estopas e vendidas para empresas locais, promovendo a <\/span><a href=\"https:\/\/www.portaldaindustria.com.br\/industria-de-a-z\/economia-circular\/\"><span style=\"font-weight: 400;\">Economia Circular.<\/span><\/a><span style=\"font-weight: 400;\"> A Polo Salvador \u00e9 uma das <\/span><span style=\"font-weight: 400;\">iniciativas sustent\u00e1veis na Bahia <\/span><span style=\"font-weight: 400;\">com mais pr\u00eamios acumulados. Em uma d\u00e9cada de atua\u00e7\u00e3o, coleciona mais de 10 selos e premia\u00e7\u00f5es por sua responsabilidade socioambiental:<\/span><\/p>\n<p><span style=\"font-weight: 400;\">Enfim,<\/span><span style=\"font-weight: 400;\"> ficou f\u00e1cil perceber que a Bahia est\u00e1 cheia de \u00f3timos exemplos a seguir. Compartilhe este texto e inspire mais empresas a seguirem o caminho da sustentabilidade!<\/span><\/p>\n","protected":false},"excerpt":{"rendered":"<p>Se voc\u00ea ainda n\u00e3o conhece as iniciativas sustent\u00e1veis na Bahia, vai se encantar! Definitivamente, este tipo de a\u00e7\u00e3o \u00e9 o que o mundo mais precisa no momento.\u00a0 Pelo mundo afora, existem muitas empresas e pessoas tentando desenvolver projetos de sustentabilidade. Na Bahia, n\u00e3o \u00e9 diferente. No final de 2021, um evento premiou 8 iniciativas da ind\u00fastria baiana, que merecem muito destaque. Projetos de institui\u00e7\u00f5es privadas e p\u00fablicas, bem como de sindicatos receberam seu reconhecimento. Por todo o estado, existem a\u00e7\u00f5es que geram impacto social, ambiental e econ\u00f4mico muito positivo.\u00a0 Assim, nos \u00faltimos anos, Salvador tem sido considerada a capital mais verde do pa\u00eds. A seguir, vamos destacar 3 iniciativas sustent\u00e1veis na Bahia que voc\u00ea precisa conhecer! 3 iniciativas sustent\u00e1veis na Bahia que d\u00e3o orgulho de ser brasileiro 1- EcoCiclo Antes de mais nada, a EcoCiclo \u00e9 uma iniciativa liderada por mulheres e concebida para mulheres. Em 2018, a jovem empres\u00e1ria Hellen Nzinga se sensibilizou com a situa\u00e7\u00e3o de mulheres que sofrem com a pobreza menstrual. Portanto, a empres\u00e1ria buscou o apoio de outras mulheres para mudar esse cen\u00e1rio. Ela participa do Pr\u00f3-L\u00edder, um programa nacional de empreendedorismo de impacto de lideran\u00e7as femininas.\u00a0 Com um time de especialistas, durante seis meses [&hellip;]<\/p>\n","protected":false},"author":2,"featured_media":20447,"comment_status":"closed","ping_status":"closed","sticky":false,"template":"","format":"standard","meta":{"footnotes":""},"categories":[83,48],"tags":[],"yoast_head":"<!-- This site is optimized with the Yoast SEO plugin v21.7 - https:\/\/yoast.com\/wordpress\/plugins\/seo\/ -->\n<title>Iniciativas sustent\u00e1veis na Bahia fazem a diferen\u00e7a! | Europa<\/title>\n<meta name=\"description\" content=\"Se voc\u00ea ainda n\u00e3o conhece as iniciativas sustent\u00e1veis na Bahia, vai se encantar! Este tipo de a\u00e7\u00e3o \u00e9 o que o mundo mais precisa no momento.\u00a0\" \/>\n<meta name=\"robots\" content=\"index, follow, max-snippet:-1, max-image-preview:large, max-video-preview:-1\" \/>\n<link rel=\"canonical\" href=\"https:\/\/www.institucional.europa.com.br\/blog\/iniciativas-sustentaveis-bahia\/\" \/>\n<meta property=\"og:locale\" content=\"pt_BR\" \/>\n<meta property=\"og:type\" content=\"article\" \/>\n<meta property=\"og:title\" content=\"Iniciativas sustent\u00e1veis na Bahia fazem a diferen\u00e7a! | Europa\" \/>\n<meta property=\"og:description\" content=\"Se voc\u00ea ainda n\u00e3o conhece as iniciativas sustent\u00e1veis na Bahia, vai se encantar! Este tipo de a\u00e7\u00e3o \u00e9 o que o mundo mais precisa no momento.\u00a0\" \/>\n<meta property=\"og:url\" content=\"https:\/\/www.institucional.europa.com.br\/blog\/iniciativas-sustentaveis-bahia\/\" \/>\n<meta property=\"og:site_name\" content=\"Europa\" \/>\n<meta property=\"article:publisher\" content=\"https:\/\/www.facebook.com\/europapurificadores\" \/>\n<meta property=\"article:published_time\" content=\"2022-05-20T15:26:59+00:00\" \/>\n<meta property=\"article:modified_time\" content=\"2023-04-10T17:46:45+00:00\" \/>\n<meta property=\"og:image\" content=\"https:\/\/www.institucional.europa.com.br\/blog\/wp-content\/uploads\/2022\/05\/CAPA-1-e1667923124870.jpg\" \/>\n\t<meta property=\"og:image:width\" content=\"1000\" \/>\n\t<meta property=\"og:image:height\" content=\"667\" \/>\n\t<meta property=\"og:image:type\" content=\"image\/jpeg\" \/>\n<meta name=\"author\" content=\"Europa\" \/>\n<meta name=\"twitter:card\" content=\"summary_large_image\" \/>\n<meta name=\"twitter:label1\" content=\"Escrito por\" \/>\n\t<meta name=\"twitter:data1\" content=\"Europa\" \/>\n\t<meta name=\"twitter:label2\" content=\"Est. tempo de leitura\" \/>\n\t<meta name=\"twitter:data2\" content=\"6 minutos\" \/>\n<script type=\"application\/ld+json\" class=\"yoast-schema-graph\">{\"@context\":\"https:\/\/schema.org\",\"@graph\":[{\"@type\":\"Article\",\"@id\":\"https:\/\/www.institucional.europa.com.br\/blog\/iniciativas-sustentaveis-bahia\/#article\",\"isPartOf\":{\"@id\":\"https:\/\/www.institucional.europa.com.br\/blog\/iniciativas-sustentaveis-bahia\/\"},\"author\":{\"name\":\"Europa\",\"@id\":\"https:\/\/www.institucional.europa.com.br\/blog\/#\/schema\/person\/0805aaa577067b7ccbe6c49ca10c3fcc\"},\"headline\":\"Iniciativas sustent\u00e1veis na Bahia fazem a diferen\u00e7a!\",\"datePublished\":\"2022-05-20T15:26:59+00:00\",\"dateModified\":\"2023-04-10T17:46:45+00:00\",\"mainEntityOfPage\":{\"@id\":\"https:\/\/www.institucional.europa.com.br\/blog\/iniciativas-sustentaveis-bahia\/\"},\"wordCount\":965,\"publisher\":{\"@id\":\"https:\/\/www.institucional.europa.com.br\/blog\/#organization\"},\"articleSection\":[\"Sustentabilidade\",\"Todos\"],\"inLanguage\":\"pt-BR\"},{\"@type\":\"WebPage\",\"@id\":\"https:\/\/www.institucional.europa.com.br\/blog\/iniciativas-sustentaveis-bahia\/\",\"url\":\"https:\/\/www.institucional.europa.com.br\/blog\/iniciativas-sustentaveis-bahia\/\",\"name\":\"Iniciativas sustent\u00e1veis na Bahia fazem a diferen\u00e7a! | Europa\",\"isPartOf\":{\"@id\":\"https:\/\/www.institucional.europa.com.br\/blog\/#website\"},\"datePublished\":\"2022-05-20T15:26:59+00:00\",\"dateModified\":\"2023-04-10T17:46:45+00:00\",\"description\":\"Se voc\u00ea ainda n\u00e3o conhece as iniciativas sustent\u00e1veis na Bahia, vai se encantar! Este tipo de a\u00e7\u00e3o \u00e9 o que o mundo mais precisa no momento.\u00a0\",\"breadcrumb\":{\"@id\":\"https:\/\/www.institucional.europa.com.br\/blog\/iniciativas-sustentaveis-bahia\/#breadcrumb\"},\"inLanguage\":\"pt-BR\",\"potentialAction\":[{\"@type\":\"ReadAction\",\"target\":[\"https:\/\/www.institucional.europa.com.br\/blog\/iniciativas-sustentaveis-bahia\/\"]}]},{\"@type\":\"BreadcrumbList\",\"@id\":\"https:\/\/www.institucional.europa.com.br\/blog\/iniciativas-sustentaveis-bahia\/#breadcrumb\",\"itemListElement\":[{\"@type\":\"ListItem\",\"position\":1,\"name\":\"In\u00edcio\",\"item\":\"https:\/\/www.institucional.europa.com.br\/blog\/\"},{\"@type\":\"ListItem\",\"position\":2,\"name\":\"Iniciativas sustent\u00e1veis na Bahia fazem a diferen\u00e7a!\"}]},{\"@type\":\"WebSite\",\"@id\":\"https:\/\/www.institucional.europa.com.br\/blog\/#website\",\"url\":\"https:\/\/www.institucional.europa.com.br\/blog\/\",\"name\":\"Purificadores Europa\",\"description\":\"O mundo precisa de mais pureza\",\"publisher\":{\"@id\":\"https:\/\/www.institucional.europa.com.br\/blog\/#organization\"},\"potentialAction\":[{\"@type\":\"SearchAction\",\"target\":{\"@type\":\"EntryPoint\",\"urlTemplate\":\"https:\/\/www.institucional.europa.com.br\/blog\/?s={search_term_string}\"},\"query-input\":\"required name=search_term_string\"}],\"inLanguage\":\"pt-BR\"},{\"@type\":\"Organization\",\"@id\":\"https:\/\/www.institucional.europa.com.br\/blog\/#organization\",\"name\":\"Purificadores Europa\",\"url\":\"https:\/\/www.institucional.europa.com.br\/blog\/\",\"logo\":{\"@type\":\"ImageObject\",\"inLanguage\":\"pt-BR\",\"@id\":\"https:\/\/www.institucional.europa.com.br\/blog\/#\/schema\/logo\/image\/\",\"url\":\"https:\/\/europa.com.br\/blog\/wp-content\/uploads\/2018\/08\/logo.png\",\"contentUrl\":\"https:\/\/europa.com.br\/blog\/wp-content\/uploads\/2018\/08\/logo.png\",\"width\":200,\"height\":49,\"caption\":\"Purificadores Europa\"},\"image\":{\"@id\":\"https:\/\/www.institucional.europa.com.br\/blog\/#\/schema\/logo\/image\/\"},\"sameAs\":[\"https:\/\/www.facebook.com\/europapurificadores\",\"https:\/\/www.instagram.com\/purificadoreseuropa_oficial\/\",\"https:\/\/www.youtube.com\/channel\/UCp62KWK-tLexf61dOiO3ZaQ\"]},{\"@type\":\"Person\",\"@id\":\"https:\/\/www.institucional.europa.com.br\/blog\/#\/schema\/person\/0805aaa577067b7ccbe6c49ca10c3fcc\",\"name\":\"Europa\"}]}<\/script>\n<!-- \/ Yoast SEO plugin. -->","yoast_head_json":{"title":"Iniciativas sustent\u00e1veis na Bahia fazem a diferen\u00e7a! | Europa","description":"Se voc\u00ea ainda n\u00e3o conhece as iniciativas sustent\u00e1veis na Bahia, vai se encantar! Este tipo de a\u00e7\u00e3o \u00e9 o que o mundo mais precisa no momento.\u00a0","robots":{"index":"index","follow":"follow","max-snippet":"max-snippet:-1","max-image-preview":"max-image-preview:large","max-video-preview":"max-video-preview:-1"},"canonical":"https:\/\/www.institucional.europa.com.br\/blog\/iniciativas-sustentaveis-bahia\/","og_locale":"pt_BR","og_type":"article","og_title":"Iniciativas sustent\u00e1veis na Bahia fazem a diferen\u00e7a! | Europa","og_description":"Se voc\u00ea ainda n\u00e3o conhece as iniciativas sustent\u00e1veis na Bahia, vai se encantar! Este tipo de a\u00e7\u00e3o \u00e9 o que o mundo mais precisa no momento.\u00a0","og_url":"https:\/\/www.institucional.europa.com.br\/blog\/iniciativas-sustentaveis-bahia\/","og_site_name":"Europa","article_publisher":"https:\/\/www.facebook.com\/europapurificadores","article_published_time":"2022-05-20T15:26:59+00:00","article_modified_time":"2023-04-10T17:46:45+00:00","og_image":[{"width":1000,"height":667,"url":"https:\/\/www.institucional.europa.com.br\/blog\/wp-content\/uploads\/2022\/05\/CAPA-1-e1667923124870.jpg","type":"image\/jpeg"}],"author":"Europa","twitter_card":"summary_large_image","twitter_misc":{"Escrito por":"Europa","Est. tempo de leitura":"6 minutos"},"schema":{"@context":"https:\/\/schema.org","@graph":[{"@type":"Article","@id":"https:\/\/www.institucional.europa.com.br\/blog\/iniciativas-sustentaveis-bahia\/#article","isPartOf":{"@id":"https:\/\/www.institucional.europa.com.br\/blog\/iniciativas-sustentaveis-bahia\/"},"author":{"name":"Europa","@id":"https:\/\/www.institucional.europa.com.br\/blog\/#\/schema\/person\/0805aaa577067b7ccbe6c49ca10c3fcc"},"headline":"Iniciativas sustent\u00e1veis na Bahia fazem a diferen\u00e7a!","datePublished":"2022-05-20T15:26:59+00:00","dateModified":"2023-04-10T17:46:45+00:00","mainEntityOfPage":{"@id":"https:\/\/www.institucional.europa.com.br\/blog\/iniciativas-sustentaveis-bahia\/"},"wordCount":965,"publisher":{"@id":"https:\/\/www.institucional.europa.com.br\/blog\/#organization"},"articleSection":["Sustentabilidade","Todos"],"inLanguage":"pt-BR"},{"@type":"WebPage","@id":"https:\/\/www.institucional.europa.com.br\/blog\/iniciativas-sustentaveis-bahia\/","url":"https:\/\/www.institucional.europa.com.br\/blog\/iniciativas-sustentaveis-bahia\/","name":"Iniciativas sustent\u00e1veis na Bahia fazem a diferen\u00e7a! | Europa","isPartOf":{"@id":"https:\/\/www.institucional.europa.com.br\/blog\/#website"},"datePublished":"2022-05-20T15:26:59+00:00","dateModified":"2023-04-10T17:46:45+00:00","description":"Se voc\u00ea ainda n\u00e3o conhece as iniciativas sustent\u00e1veis na Bahia, vai se encantar! Este tipo de a\u00e7\u00e3o \u00e9 o que o mundo mais precisa no momento.\u00a0","breadcrumb":{"@id":"https:\/\/www.institucional.europa.com.br\/blog\/iniciativas-sustentaveis-bahia\/#breadcrumb"},"inLanguage":"pt-BR","potentialAction":[{"@type":"ReadAction","target":["https:\/\/www.institucional.europa.com.br\/blog\/iniciativas-sustentaveis-bahia\/"]}]},{"@type":"BreadcrumbList","@id":"https:\/\/www.institucional.europa.com.br\/blog\/iniciativas-sustentaveis-bahia\/#breadcrumb","itemListElement":[{"@type":"ListItem","position":1,"name":"In\u00edcio","item":"https:\/\/www.institucional.europa.com.br\/blog\/"},{"@type":"ListItem","position":2,"name":"Iniciativas sustent\u00e1veis na Bahia fazem a diferen\u00e7a!"}]},{"@type":"WebSite","@id":"https:\/\/www.institucional.europa.com.br\/blog\/#website","url":"https:\/\/www.institucional.europa.com.br\/blog\/","name":"Purificadores Europa","description":"O mundo precisa de mais pureza","publisher":{"@id":"https:\/\/www.institucional.europa.com.br\/blog\/#organization"},"potentialAction":[{"@type":"SearchAction","target":{"@type":"EntryPoint","urlTemplate":"https:\/\/www.institucional.europa.com.br\/blog\/?s={search_term_string}"},"query-input":"required name=search_term_string"}],"inLanguage":"pt-BR"},{"@type":"Organization","@id":"https:\/\/www.institucional.europa.com.br\/blog\/#organization","name":"Purificadores Europa","url":"https:\/\/www.institucional.europa.com.br\/blog\/","logo":{"@type":"ImageObject","inLanguage":"pt-BR","@id":"https:\/\/www.institucional.europa.com.br\/blog\/#\/schema\/logo\/image\/","url":"https:\/\/europa.com.br\/blog\/wp-content\/uploads\/2018\/08\/logo.png","contentUrl":"https:\/\/europa.com.br\/blog\/wp-content\/uploads\/2018\/08\/logo.png","width":200,"height":49,"caption":"Purificadores Europa"},"image":{"@id":"https:\/\/www.institucional.europa.com.br\/blog\/#\/schema\/logo\/image\/"},"sameAs":["https:\/\/www.facebook.com\/europapurificadores","https:\/\/www.instagram.com\/purificadoreseuropa_oficial\/","https:\/\/www.youtube.com\/channel\/UCp62KWK-tLexf61dOiO3ZaQ"]},{"@type":"Person","@id":"https:\/\/www.institucional.europa.com.br\/blog\/#\/schema\/person\/0805aaa577067b7ccbe6c49ca10c3fcc","name":"Europa"}]}},"_links":{"self":[{"href":"https:\/\/www.institucional.europa.com.br\/blog\/wp-json\/wp\/v2\/posts\/20446"}],"collection":[{"href":"https:\/\/www.institucional.europa.com.br\/blog\/wp-json\/wp\/v2\/posts"}],"about":[{"href":"https:\/\/www.institucional.europa.com.br\/blog\/wp-json\/wp\/v2\/types\/post"}],"author":[{"embeddable":true,"href":"https:\/\/www.institucional.europa.com.br\/blog\/wp-json\/wp\/v2\/users\/2"}],"replies":[{"embeddable":true,"href":"https:\/\/www.institucional.europa.com.br\/blog\/wp-json\/wp\/v2\/comments?post=20446"}],"version-history":[{"count":0,"href":"https:\/\/www.institucional.europa.com.br\/blog\/wp-json\/wp\/v2\/posts\/20446\/revisions"}],"wp:featuredmedia":[{"embeddable":true,"href":"https:\/\/www.institucional.europa.com.br\/blog\/wp-json\/wp\/v2\/media\/20447"}],"wp:attachment":[{"href":"https:\/\/www.institucional.europa.com.br\/blog\/wp-json\/wp\/v2\/media?parent=20446"}],"wp:term":[{"taxonomy":"category","embeddable":true,"href":"https:\/\/www.institucional.europa.com.br\/blog\/wp-json\/wp\/v2\/categories?post=20446"},{"taxonomy":"post_tag","embeddable":true,"href":"https:\/\/www.institucional.europa.com.br\/blog\/wp-json\/wp\/v2\/tags?post=20446"}],"curies":[{"name":"wp","href":"https:\/\/api.w.org\/{rel}","templated":true}]}}