{"id":20369,"date":"2022-02-21T16:30:43","date_gmt":"2022-02-21T19:30:43","guid":{"rendered":"https:\/\/www.institucional.europa.com.br\/blog\/?p=20369"},"modified":"2023-04-17T14:21:21","modified_gmt":"2023-04-17T17:21:21","slug":"garganta-seca","status":"publish","type":"post","link":"https:\/\/www.institucional.europa.com.br\/blog\/garganta-seca\/","title":{"rendered":"Garganta seca mesmo bebendo \u00e1gua? Saiba mais."},"content":{"rendered":"<p><span style=\"font-weight: 400;\">A sensa\u00e7\u00e3o frequente de <\/span><span style=\"font-weight: 400;\">garganta seca<\/span><span style=\"font-weight: 400;\"> pode ser mais do que apenas um inc\u00f4modo. <\/span><span style=\"font-weight: 400;\">Definitivamente<\/span><span style=\"font-weight: 400;\">, se voc\u00ea se hidrata corretamente e ainda sente isso o tempo todo, \u00e9 importante ficar alerta.<\/span><\/p>\n<p><span style=\"font-weight: 400;\">Durante as esta\u00e7\u00f5es mais frias, esta \u00e9 uma queixa muito comum. <\/span><span style=\"font-weight: 400;\">Por outro lado<\/span><span style=\"font-weight: 400;\">, quando existem outros sintomas associados \u00e0 <\/span><span style=\"font-weight: 400;\">garganta seca<\/span><span style=\"font-weight: 400;\">, pode ser necess\u00e1rio procurar atendimento m\u00e9dico.<\/span><\/p>\n<p><span style=\"font-weight: 400;\">Ent\u00e3o, que tal entender o porqu\u00ea isso acontece, quais os riscos e como prevenir problemas?\u00a0<\/span><\/p>\n<h2><b>O que pode deixar a <\/b><b>garganta seca<\/b><b>?<\/b><\/h2>\n<p><span style=\"font-weight: 400;\">Primeiramente<\/span><span style=\"font-weight: 400;\">, para saber como evitar ou amenizar este problema, \u00e9 preciso conhecer as suas causas.\u00a0<\/span><\/p>\n<p><span style=\"font-weight: 400;\">Separamos aqui 5 principais fatores causadores desta sensa\u00e7\u00e3o. Vamos conhecer?<\/span><\/p>\n<p><b>1- Falta de saliva<\/b><\/p>\n<p><span style=\"font-weight: 400;\">Da mesma forma<\/span><span style=\"font-weight: 400;\"> que tantas outras coisas no nosso corpo, a saliva tamb\u00e9m \u00e9 composta principalmente por \u00e1gua. <\/span><span style=\"font-weight: 400;\">Assim<\/span><span style=\"font-weight: 400;\">, <\/span><a href=\"https:\/\/www.institucional.europa.com.br\/blog\/7-sinais-que-indicam-pouca-agua\/\"><span style=\"font-weight: 400;\">quando estamos desidratados<\/span><\/a><span style=\"font-weight: 400;\">, ela fica espessa e viscosa. Com pouca \u00e1gua no organismo, n\u00e3o \u00e9 poss\u00edvel produzir corretamente esta secre\u00e7\u00e3o, que umedece boca e garganta.<\/span><\/p>\n<p><span style=\"font-weight: 400;\">Voc\u00ea est\u00e1 <\/span><a href=\"https:\/\/www.simetriamuscular.com.br\/calculadora-beber-agua\"><span style=\"font-weight: 400;\">bebendo a quantidade ideal de \u00e1gua para o seu corpo<\/span><\/a><span style=\"font-weight: 400;\">? Se n\u00e3o, considere aumentar a ingest\u00e3o e prevenir o inc\u00f4modo.<\/span><\/p>\n<p><b>2- Tabagismo, consumo de \u00e1lcool e doen\u00e7as cr\u00f4nicas<\/b><\/p>\n<p><span style=\"font-weight: 400;\">Em alguns casos, a <\/span><span style=\"font-weight: 400;\">garganta seca <\/span><span style=\"font-weight: 400;\">pode ser um sintoma de doen\u00e7as como refluxo e apneia do sono. Tanto uma quanto a outra condi\u00e7\u00e3o podem provocar engasgos <\/span><span style=\"font-weight: 400;\">igualmente<\/span><span style=\"font-weight: 400;\">. Se a sensa\u00e7\u00e3o de ressecamento for persistente, pode ser um sinal de <\/span><a href=\"https:\/\/drauziovarella.uol.com.br\/doencas-e-sintomas\/xerostomia-boca-seca\/\"><span style=\"font-weight: 400;\">Xerostomia.<\/span><\/a><span style=\"font-weight: 400;\"> Esta \u00e9 uma condi\u00e7\u00e3o associada a baixa produ\u00e7\u00e3o de saliva pelas gl\u00e2ndulas salivares.<\/span><\/p>\n<p><a href=\"https:\/\/www.institucional.europa.com.br\/blog\/como-o-alcool-desidrata-o-corpo\/\"><span style=\"font-weight: 400;\">O abuso de bebidas alco\u00f3licas<\/span><\/a><span style=\"font-weight: 400;\"> e do cigarro tamb\u00e9m pode resultar em<\/span><span style=\"font-weight: 400;\"> garganta seca.<\/span><span style=\"font-weight: 400;\"> Ainda que exista a ingest\u00e3o de \u00e1gua, essas subst\u00e2ncias prejudicam a produ\u00e7\u00e3o de muco.<\/span><\/p>\n<h2><b>3- Alergias<\/b><\/h2>\n<p><img loading=\"lazy\" decoding=\"async\" class=\"alignnone wp-image-20372\" src=\"https:\/\/www.institucional.europa.com.br\/blog\/wp-content\/uploads\/2022\/02\/espirro.jpg\" alt=\"\" width=\"855\" height=\"589\" \/><\/p>\n<p><span style=\"font-weight: 400;\">Definitivamente,<\/span><span style=\"font-weight: 400;\"> quem \u00e9 al\u00e9rgico conhece bem essa sensa\u00e7\u00e3o. <\/span><a href=\"https:\/\/www.minhavida.com.br\/saude\/temas\/rinite-alergica\"><span style=\"font-weight: 400;\">A rinite<\/span><\/a><span style=\"font-weight: 400;\"> e rea\u00e7\u00f5es al\u00e9rgicas \u00e0 poeira, mofo ou pelos de animais podem deixar a <\/span><span style=\"font-weight: 400;\">garganta seca.<\/span><\/p>\n<p><span style=\"font-weight: 400;\">Afinal,<\/span><span style=\"font-weight: 400;\"> por que ser\u00e1 que isso acontece? <\/span><a href=\"https:\/\/cuidadospelavida.com.br\/saude-e-tratamento\/asma-e-bronquite\/substancias-podem-irritar-garganta-tosse\"><span style=\"font-weight: 400;\">Existem algumas part\u00edculas capazes de causar irrita\u00e7\u00f5es <\/span><\/a><span style=\"font-weight: 400;\">no nosso nariz. Quando captadas por ele, as cavidades nasais ficam inflamadas e a produ\u00e7\u00e3o de muco aumenta.<\/span><\/p>\n<p><span style=\"font-weight: 400;\">A inflama\u00e7\u00e3o \u00e9 a grande respons\u00e1vel pelo ressecamento, coceira ou irrita\u00e7\u00e3o na garganta. <\/span><span style=\"font-weight: 400;\">Da mesma forma, <\/span><span style=\"font-weight: 400;\">pode ocasionar coriza e congest\u00e3o nasal.<\/span><\/p>\n<p><span style=\"font-weight: 400;\">Agora, um aviso geral: fique atento \u00e0 presen\u00e7a de fuma\u00e7a e outros elementos no ar. Eles podem ter exatamente o mesmo efeito, mesmo para quem n\u00e3o \u00e9 al\u00e9rgico.<\/span><\/p>\n<p><b>4- Excesso de cloro na \u00e1gua<\/b><\/p>\n<p><span style=\"font-weight: 400;\">Beber \u00e1gua \u00e9 fundamental \u00e0 sa\u00fade. Mas, beber \u00e1gua de qualidade \u00e9<\/span><span style=\"font-weight: 400;\"> igualmente<\/span><span style=\"font-weight: 400;\"> importante. Se voc\u00ea estiver bebendo \u00e1gua com excesso de cloro, esta pode ser a causa da sensa\u00e7\u00e3o de<\/span><span style=\"font-weight: 400;\"> garganta seca<\/span><span style=\"font-weight: 400;\">.<\/span><\/p>\n<p><span style=\"font-weight: 400;\">Esta subst\u00e2ncia em excesso pode ocasionar irrita\u00e7\u00f5es respirat\u00f3rias e maior risco de desenvolver bronquite e asma. <\/span><span style=\"font-weight: 400;\">Logo<\/span><span style=\"font-weight: 400;\">, procure beber \u00e1gua dentro dos <\/span><a href=\"https:\/\/www.institucional.europa.com.br\/blog\/classificacao-purificadores\/\"><span style=\"font-weight: 400;\">padr\u00f5es de potabilidade<\/span><\/a><span style=\"font-weight: 400;\"> e s\u00f3 compre <\/span><a href=\"https:\/\/www.institucional.europa.com.br\/blog\/classificacao-purificadores\/\"><span style=\"font-weight: 400;\">purificadores que reduzam o cloro livre.<\/span><\/a><\/p>\n<h2><b>5- <\/b><b>Garganta seca <\/b><b>ao acordar<\/b><\/h2>\n<p><img loading=\"lazy\" decoding=\"async\" class=\"alignnone wp-image-20370\" src=\"https:\/\/www.institucional.europa.com.br\/blog\/wp-content\/uploads\/2022\/02\/bebendo-agua-de-manha.jpg\" alt=\"\" width=\"984\" height=\"657\" \/><\/p>\n<p><span style=\"font-weight: 400;\">Dormir bem tamb\u00e9m \u00e9 um grande pilar da vida saud\u00e1vel. E respirar corretamente enquanto dormimos pode ajudar muito. Congest\u00e3o nasal e dormir de bru\u00e7os podem dificultar a respira\u00e7\u00e3o pelo nariz. <\/span><span style=\"font-weight: 400;\">Assim<\/span><span style=\"font-weight: 400;\">, passamos a respirar naturalmente pela boca, o que pode deixar a sensa\u00e7\u00e3o de <\/span><span style=\"font-weight: 400;\">garganta seca <\/span><span style=\"font-weight: 400;\">pela manh\u00e3.<\/span><\/p>\n<p><span style=\"font-weight: 400;\">Se a irrita\u00e7\u00e3o surge pela manh\u00e3, mas desaparece ao longo do dia, temos uma dica simples. <\/span><a href=\"https:\/\/www.institucional.europa.com.br\/blog\/terapia-japonesa-da-agua\/\"><span style=\"font-weight: 400;\">Beber um copo de \u00e1gua logo que acordar <\/span><\/a><span style=\"font-weight: 400;\">pode melhorar a sensa\u00e7\u00e3o, <\/span><span style=\"font-weight: 400;\">bem como <\/span><span style=\"font-weight: 400;\">trazer outros benef\u00edcios.<\/span><\/p>\n<p><span style=\"font-weight: 400;\">Como j\u00e1 dissemos anteriormente, a apneia do sono tamb\u00e9m \u00e9 uma condi\u00e7\u00e3o noturna que pode deixar a <\/span><span style=\"font-weight: 400;\">garganta seca<\/span><span style=\"font-weight: 400;\">. Os indiv\u00edduos com apneia param de respirar ou respiram muito superficialmente durante a noite.<\/span><\/p>\n<h2><b>Como tratar ou melhorar essa sensa\u00e7\u00e3o?<\/b><\/h2>\n<p><span style=\"font-weight: 400;\">Antes de mais nada<\/span><span style=\"font-weight: 400;\">, para se livrar da <\/span><span style=\"font-weight: 400;\">garganta seca<\/span><span style=\"font-weight: 400;\">, voc\u00ea deve identificar a origem do problema. No caso de desidrata\u00e7\u00e3o, passar a ingerir mais \u00e1gua e <\/span><a href=\"https:\/\/www.institucional.europa.com.br\/blog\/alimentos-que-desidratam\/\"><span style=\"font-weight: 400;\">evitar alimentos com alto teor de s\u00f3dio<\/span><\/a><span style=\"font-weight: 400;\"> tamb\u00e9m pode ajudar.<\/span><\/p>\n<p><span style=\"font-weight: 400;\">Por outro lado<\/span><span style=\"font-weight: 400;\">, existem casos em que a indica\u00e7\u00e3o \u00e9 buscar ajuda profissional para ter o tratamento adequado. Se a sensa\u00e7\u00e3o for prolongada e seguida de outros sintomas como xerostomia, roncos e dificuldade na alimenta\u00e7\u00e3o, fique alerta.<\/span><\/p>\n<p><span style=\"font-weight: 400;\">Da mesma forma,<\/span><span style=\"font-weight: 400;\"> se a origem do problema for a falta de produ\u00e7\u00e3o de saliva, procure atendimento m\u00e9dico. <\/span><a href=\"https:\/\/www.institucional.europa.com.br\/blog\/agua-e-saude-bucal\/\"><span style=\"font-weight: 400;\">A \u00e1gua e a sa\u00fade bucal <\/span><\/a><span style=\"font-weight: 400;\">tamb\u00e9m est\u00e3o interligadas, mas nem sempre a hidrata\u00e7\u00e3o correta resolve este problema. Estes quadros podem favorecer o surgimento de c\u00e1rie e da halitose, ou at\u00e9 ulcera\u00e7\u00f5es na mucosa.\u00a0<\/span><\/p>\n<p><span style=\"font-weight: 400;\">Al\u00e9m disso, mantenha sempre h\u00e1bitos saud\u00e1veis, beba \u00e1gua purificada e procure manter os ambientes ventilados.\u00a0<\/span><\/p>\n<p><span style=\"font-weight: 400;\">Garganta seca<\/span><span style=\"font-weight: 400;\">? Nunca mais!\u00a0<\/span><\/p>\n","protected":false},"excerpt":{"rendered":"<p>A sensa\u00e7\u00e3o frequente de garganta seca pode ser mais do que apenas um inc\u00f4modo. Definitivamente, se voc\u00ea se hidrata corretamente e ainda sente isso o tempo todo, \u00e9 importante ficar alerta. Durante as esta\u00e7\u00f5es mais frias, esta \u00e9 uma queixa muito comum. Por outro lado, quando existem outros sintomas associados \u00e0 garganta seca, pode ser necess\u00e1rio procurar atendimento m\u00e9dico. Ent\u00e3o, que tal entender o porqu\u00ea isso acontece, quais os riscos e como prevenir problemas?\u00a0 O que pode deixar a garganta seca? Primeiramente, para saber como evitar ou amenizar este problema, \u00e9 preciso conhecer as suas causas.\u00a0 Separamos aqui 5 principais fatores causadores desta sensa\u00e7\u00e3o. Vamos conhecer? 1- Falta de saliva Da mesma forma que tantas outras coisas no nosso corpo, a saliva tamb\u00e9m \u00e9 composta principalmente por \u00e1gua. Assim, quando estamos desidratados, ela fica espessa e viscosa. Com pouca \u00e1gua no organismo, n\u00e3o \u00e9 poss\u00edvel produzir corretamente esta secre\u00e7\u00e3o, que umedece boca e garganta. Voc\u00ea est\u00e1 bebendo a quantidade ideal de \u00e1gua para o seu corpo? Se n\u00e3o, considere aumentar a ingest\u00e3o e prevenir o inc\u00f4modo. 2- Tabagismo, consumo de \u00e1lcool e doen\u00e7as cr\u00f4nicas Em alguns casos, a garganta seca pode ser um sintoma de doen\u00e7as como refluxo e apneia [&hellip;]<\/p>\n","protected":false},"author":2,"featured_media":20371,"comment_status":"closed","ping_status":"closed","sticky":false,"template":"","format":"standard","meta":{"footnotes":""},"categories":[82,48],"tags":[],"yoast_head":"<!-- This site is optimized with the Yoast SEO plugin v21.7 - https:\/\/yoast.com\/wordpress\/plugins\/seo\/ -->\n<title>Garganta seca mesmo bebendo \u00e1gua? Saiba mais.<\/title>\n<meta name=\"description\" content=\"A sensa\u00e7\u00e3o frequente de garganta seca pode ser mais do que apenas um inc\u00f4modo, ainda mais se a dor for persistente mesmo bebendo \u00e1gua.\" \/>\n<meta name=\"robots\" content=\"index, follow, max-snippet:-1, max-image-preview:large, max-video-preview:-1\" \/>\n<link rel=\"canonical\" href=\"https:\/\/www.institucional.europa.com.br\/blog\/garganta-seca\/\" \/>\n<meta property=\"og:locale\" content=\"pt_BR\" \/>\n<meta property=\"og:type\" content=\"article\" \/>\n<meta property=\"og:title\" content=\"Garganta seca mesmo bebendo \u00e1gua? Saiba mais.\" \/>\n<meta property=\"og:description\" content=\"A sensa\u00e7\u00e3o frequente de garganta seca pode ser mais do que apenas um inc\u00f4modo, ainda mais se a dor for persistente mesmo bebendo \u00e1gua.\" \/>\n<meta property=\"og:url\" content=\"https:\/\/www.institucional.europa.com.br\/blog\/garganta-seca\/\" \/>\n<meta property=\"og:site_name\" content=\"Europa\" \/>\n<meta property=\"article:publisher\" content=\"https:\/\/www.facebook.com\/europapurificadores\" \/>\n<meta property=\"article:published_time\" content=\"2022-02-21T19:30:43+00:00\" \/>\n<meta property=\"article:modified_time\" content=\"2023-04-17T17:21:21+00:00\" \/>\n<meta property=\"og:image\" content=\"https:\/\/www.institucional.europa.com.br\/blog\/wp-content\/uploads\/2022\/02\/capa-6-e1666876889995.jpg\" \/>\n\t<meta property=\"og:image:width\" content=\"1000\" \/>\n\t<meta property=\"og:image:height\" content=\"667\" \/>\n\t<meta property=\"og:image:type\" content=\"image\/jpeg\" \/>\n<meta name=\"author\" content=\"Europa\" \/>\n<meta name=\"twitter:card\" content=\"summary_large_image\" \/>\n<meta name=\"twitter:label1\" content=\"Escrito por\" \/>\n\t<meta name=\"twitter:data1\" content=\"Europa\" \/>\n\t<meta name=\"twitter:label2\" content=\"Est. tempo de leitura\" \/>\n\t<meta name=\"twitter:data2\" content=\"4 minutos\" \/>\n<script type=\"application\/ld+json\" class=\"yoast-schema-graph\">{\"@context\":\"https:\/\/schema.org\",\"@graph\":[{\"@type\":\"Article\",\"@id\":\"https:\/\/www.institucional.europa.com.br\/blog\/garganta-seca\/#article\",\"isPartOf\":{\"@id\":\"https:\/\/www.institucional.europa.com.br\/blog\/garganta-seca\/\"},\"author\":{\"name\":\"Europa\",\"@id\":\"https:\/\/www.institucional.europa.com.br\/blog\/#\/schema\/person\/0805aaa577067b7ccbe6c49ca10c3fcc\"},\"headline\":\"Garganta seca mesmo bebendo \u00e1gua? Saiba mais.\",\"datePublished\":\"2022-02-21T19:30:43+00:00\",\"dateModified\":\"2023-04-17T17:21:21+00:00\",\"mainEntityOfPage\":{\"@id\":\"https:\/\/www.institucional.europa.com.br\/blog\/garganta-seca\/\"},\"wordCount\":784,\"publisher\":{\"@id\":\"https:\/\/www.institucional.europa.com.br\/blog\/#organization\"},\"articleSection\":[\"Sa\u00fade\",\"Todos\"],\"inLanguage\":\"pt-BR\"},{\"@type\":\"WebPage\",\"@id\":\"https:\/\/www.institucional.europa.com.br\/blog\/garganta-seca\/\",\"url\":\"https:\/\/www.institucional.europa.com.br\/blog\/garganta-seca\/\",\"name\":\"Garganta seca mesmo bebendo \u00e1gua? Saiba mais.\",\"isPartOf\":{\"@id\":\"https:\/\/www.institucional.europa.com.br\/blog\/#website\"},\"datePublished\":\"2022-02-21T19:30:43+00:00\",\"dateModified\":\"2023-04-17T17:21:21+00:00\",\"description\":\"A sensa\u00e7\u00e3o frequente de garganta seca pode ser mais do que apenas um inc\u00f4modo, ainda mais se a dor for persistente mesmo bebendo \u00e1gua.\",\"breadcrumb\":{\"@id\":\"https:\/\/www.institucional.europa.com.br\/blog\/garganta-seca\/#breadcrumb\"},\"inLanguage\":\"pt-BR\",\"potentialAction\":[{\"@type\":\"ReadAction\",\"target\":[\"https:\/\/www.institucional.europa.com.br\/blog\/garganta-seca\/\"]}]},{\"@type\":\"BreadcrumbList\",\"@id\":\"https:\/\/www.institucional.europa.com.br\/blog\/garganta-seca\/#breadcrumb\",\"itemListElement\":[{\"@type\":\"ListItem\",\"position\":1,\"name\":\"In\u00edcio\",\"item\":\"https:\/\/www.institucional.europa.com.br\/blog\/\"},{\"@type\":\"ListItem\",\"position\":2,\"name\":\"Garganta seca mesmo bebendo \u00e1gua? Saiba mais.\"}]},{\"@type\":\"WebSite\",\"@id\":\"https:\/\/www.institucional.europa.com.br\/blog\/#website\",\"url\":\"https:\/\/www.institucional.europa.com.br\/blog\/\",\"name\":\"Purificadores Europa\",\"description\":\"O mundo precisa de mais pureza\",\"publisher\":{\"@id\":\"https:\/\/www.institucional.europa.com.br\/blog\/#organization\"},\"potentialAction\":[{\"@type\":\"SearchAction\",\"target\":{\"@type\":\"EntryPoint\",\"urlTemplate\":\"https:\/\/www.institucional.europa.com.br\/blog\/?s={search_term_string}\"},\"query-input\":\"required name=search_term_string\"}],\"inLanguage\":\"pt-BR\"},{\"@type\":\"Organization\",\"@id\":\"https:\/\/www.institucional.europa.com.br\/blog\/#organization\",\"name\":\"Purificadores Europa\",\"url\":\"https:\/\/www.institucional.europa.com.br\/blog\/\",\"logo\":{\"@type\":\"ImageObject\",\"inLanguage\":\"pt-BR\",\"@id\":\"https:\/\/www.institucional.europa.com.br\/blog\/#\/schema\/logo\/image\/\",\"url\":\"https:\/\/europa.com.br\/blog\/wp-content\/uploads\/2018\/08\/logo.png\",\"contentUrl\":\"https:\/\/europa.com.br\/blog\/wp-content\/uploads\/2018\/08\/logo.png\",\"width\":200,\"height\":49,\"caption\":\"Purificadores Europa\"},\"image\":{\"@id\":\"https:\/\/www.institucional.europa.com.br\/blog\/#\/schema\/logo\/image\/\"},\"sameAs\":[\"https:\/\/www.facebook.com\/europapurificadores\",\"https:\/\/www.instagram.com\/purificadoreseuropa_oficial\/\",\"https:\/\/www.youtube.com\/channel\/UCp62KWK-tLexf61dOiO3ZaQ\"]},{\"@type\":\"Person\",\"@id\":\"https:\/\/www.institucional.europa.com.br\/blog\/#\/schema\/person\/0805aaa577067b7ccbe6c49ca10c3fcc\",\"name\":\"Europa\"}]}<\/script>\n<!-- \/ Yoast SEO plugin. -->","yoast_head_json":{"title":"Garganta seca mesmo bebendo \u00e1gua? Saiba mais.","description":"A sensa\u00e7\u00e3o frequente de garganta seca pode ser mais do que apenas um inc\u00f4modo, ainda mais se a dor for persistente mesmo bebendo \u00e1gua.","robots":{"index":"index","follow":"follow","max-snippet":"max-snippet:-1","max-image-preview":"max-image-preview:large","max-video-preview":"max-video-preview:-1"},"canonical":"https:\/\/www.institucional.europa.com.br\/blog\/garganta-seca\/","og_locale":"pt_BR","og_type":"article","og_title":"Garganta seca mesmo bebendo \u00e1gua? Saiba mais.","og_description":"A sensa\u00e7\u00e3o frequente de garganta seca pode ser mais do que apenas um inc\u00f4modo, ainda mais se a dor for persistente mesmo bebendo \u00e1gua.","og_url":"https:\/\/www.institucional.europa.com.br\/blog\/garganta-seca\/","og_site_name":"Europa","article_publisher":"https:\/\/www.facebook.com\/europapurificadores","article_published_time":"2022-02-21T19:30:43+00:00","article_modified_time":"2023-04-17T17:21:21+00:00","og_image":[{"width":1000,"height":667,"url":"https:\/\/www.institucional.europa.com.br\/blog\/wp-content\/uploads\/2022\/02\/capa-6-e1666876889995.jpg","type":"image\/jpeg"}],"author":"Europa","twitter_card":"summary_large_image","twitter_misc":{"Escrito por":"Europa","Est. tempo de leitura":"4 minutos"},"schema":{"@context":"https:\/\/schema.org","@graph":[{"@type":"Article","@id":"https:\/\/www.institucional.europa.com.br\/blog\/garganta-seca\/#article","isPartOf":{"@id":"https:\/\/www.institucional.europa.com.br\/blog\/garganta-seca\/"},"author":{"name":"Europa","@id":"https:\/\/www.institucional.europa.com.br\/blog\/#\/schema\/person\/0805aaa577067b7ccbe6c49ca10c3fcc"},"headline":"Garganta seca mesmo bebendo \u00e1gua? Saiba mais.","datePublished":"2022-02-21T19:30:43+00:00","dateModified":"2023-04-17T17:21:21+00:00","mainEntityOfPage":{"@id":"https:\/\/www.institucional.europa.com.br\/blog\/garganta-seca\/"},"wordCount":784,"publisher":{"@id":"https:\/\/www.institucional.europa.com.br\/blog\/#organization"},"articleSection":["Sa\u00fade","Todos"],"inLanguage":"pt-BR"},{"@type":"WebPage","@id":"https:\/\/www.institucional.europa.com.br\/blog\/garganta-seca\/","url":"https:\/\/www.institucional.europa.com.br\/blog\/garganta-seca\/","name":"Garganta seca mesmo bebendo \u00e1gua? Saiba mais.","isPartOf":{"@id":"https:\/\/www.institucional.europa.com.br\/blog\/#website"},"datePublished":"2022-02-21T19:30:43+00:00","dateModified":"2023-04-17T17:21:21+00:00","description":"A sensa\u00e7\u00e3o frequente de garganta seca pode ser mais do que apenas um inc\u00f4modo, ainda mais se a dor for persistente mesmo bebendo \u00e1gua.","breadcrumb":{"@id":"https:\/\/www.institucional.europa.com.br\/blog\/garganta-seca\/#breadcrumb"},"inLanguage":"pt-BR","potentialAction":[{"@type":"ReadAction","target":["https:\/\/www.institucional.europa.com.br\/blog\/garganta-seca\/"]}]},{"@type":"BreadcrumbList","@id":"https:\/\/www.institucional.europa.com.br\/blog\/garganta-seca\/#breadcrumb","itemListElement":[{"@type":"ListItem","position":1,"name":"In\u00edcio","item":"https:\/\/www.institucional.europa.com.br\/blog\/"},{"@type":"ListItem","position":2,"name":"Garganta seca mesmo bebendo \u00e1gua? Saiba mais."}]},{"@type":"WebSite","@id":"https:\/\/www.institucional.europa.com.br\/blog\/#website","url":"https:\/\/www.institucional.europa.com.br\/blog\/","name":"Purificadores Europa","description":"O mundo precisa de mais pureza","publisher":{"@id":"https:\/\/www.institucional.europa.com.br\/blog\/#organization"},"potentialAction":[{"@type":"SearchAction","target":{"@type":"EntryPoint","urlTemplate":"https:\/\/www.institucional.europa.com.br\/blog\/?s={search_term_string}"},"query-input":"required name=search_term_string"}],"inLanguage":"pt-BR"},{"@type":"Organization","@id":"https:\/\/www.institucional.europa.com.br\/blog\/#organization","name":"Purificadores Europa","url":"https:\/\/www.institucional.europa.com.br\/blog\/","logo":{"@type":"ImageObject","inLanguage":"pt-BR","@id":"https:\/\/www.institucional.europa.com.br\/blog\/#\/schema\/logo\/image\/","url":"https:\/\/europa.com.br\/blog\/wp-content\/uploads\/2018\/08\/logo.png","contentUrl":"https:\/\/europa.com.br\/blog\/wp-content\/uploads\/2018\/08\/logo.png","width":200,"height":49,"caption":"Purificadores Europa"},"image":{"@id":"https:\/\/www.institucional.europa.com.br\/blog\/#\/schema\/logo\/image\/"},"sameAs":["https:\/\/www.facebook.com\/europapurificadores","https:\/\/www.instagram.com\/purificadoreseuropa_oficial\/","https:\/\/www.youtube.com\/channel\/UCp62KWK-tLexf61dOiO3ZaQ"]},{"@type":"Person","@id":"https:\/\/www.institucional.europa.com.br\/blog\/#\/schema\/person\/0805aaa577067b7ccbe6c49ca10c3fcc","name":"Europa"}]}},"_links":{"self":[{"href":"https:\/\/www.institucional.europa.com.br\/blog\/wp-json\/wp\/v2\/posts\/20369"}],"collection":[{"href":"https:\/\/www.institucional.europa.com.br\/blog\/wp-json\/wp\/v2\/posts"}],"about":[{"href":"https:\/\/www.institucional.europa.com.br\/blog\/wp-json\/wp\/v2\/types\/post"}],"author":[{"embeddable":true,"href":"https:\/\/www.institucional.europa.com.br\/blog\/wp-json\/wp\/v2\/users\/2"}],"replies":[{"embeddable":true,"href":"https:\/\/www.institucional.europa.com.br\/blog\/wp-json\/wp\/v2\/comments?post=20369"}],"version-history":[{"count":0,"href":"https:\/\/www.institucional.europa.com.br\/blog\/wp-json\/wp\/v2\/posts\/20369\/revisions"}],"wp:featuredmedia":[{"embeddable":true,"href":"https:\/\/www.institucional.europa.com.br\/blog\/wp-json\/wp\/v2\/media\/20371"}],"wp:attachment":[{"href":"https:\/\/www.institucional.europa.com.br\/blog\/wp-json\/wp\/v2\/media?parent=20369"}],"wp:term":[{"taxonomy":"category","embeddable":true,"href":"https:\/\/www.institucional.europa.com.br\/blog\/wp-json\/wp\/v2\/categories?post=20369"},{"taxonomy":"post_tag","embeddable":true,"href":"https:\/\/www.institucional.europa.com.br\/blog\/wp-json\/wp\/v2\/tags?post=20369"}],"curies":[{"name":"wp","href":"https:\/\/api.w.org\/{rel}","templated":true}]}}