{"id":20341,"date":"2022-02-21T16:10:58","date_gmt":"2022-02-21T19:10:58","guid":{"rendered":"https:\/\/www.institucional.europa.com.br\/blog\/?p=20341"},"modified":"2023-04-17T14:22:37","modified_gmt":"2023-04-17T17:22:37","slug":"abree-logistica-reversa","status":"publish","type":"post","link":"https:\/\/www.institucional.europa.com.br\/blog\/abree-logistica-reversa\/","title":{"rendered":"ABREE: conhe\u00e7a a nossa parceira de log\u00edstica reversa"},"content":{"rendered":"<p><span style=\"font-weight: 400;\">Em 2021, a Europa firmou uma importante parceria com a <\/span><span style=\"font-weight: 400;\">ABREE. <\/span><span style=\"font-weight: 400;\">A Associa\u00e7\u00e3o Brasileira de Reciclagem de Eletroeletr\u00f4nicos e Eletrodom\u00e9sticos vai ajudar a Europa a cuidar <\/span><span style=\"font-weight: 400;\">ainda mais<\/span><span style=\"font-weight: 400;\"> do meio ambiente.<\/span><\/p>\n<p><span style=\"font-weight: 400;\">Se voc\u00ea \u00e9 um <\/span><a href=\"https:\/\/www.institucional.europa.com.br\/blog\/voce-se-considera-um-consumidor-consciente\/\"><span style=\"font-weight: 400;\">consumidor consciente<\/span><\/a><span style=\"font-weight: 400;\">, j\u00e1 deve ter se perguntado <\/span><a href=\"https:\/\/www.institucional.europa.com.br\/blog\/purificador-de-agua-antigo\/\"><span style=\"font-weight: 400;\">onde descartar seus produtos corretamente<\/span><\/a><span style=\"font-weight: 400;\">. Muitas pessoas realizam o processo de <\/span><a href=\"https:\/\/www.institucional.europa.com.br\/blog\/reciclagem-reutilizacao\/\"><span style=\"font-weight: 400;\">reciclagem de materiais<\/span><\/a><span style=\"font-weight: 400;\"> e ajudam a evitar a polui\u00e7\u00e3o por pl\u00e1stico, por exemplo.<\/span><\/p>\n<p><span style=\"font-weight: 400;\">Por outro lado,<\/span><span style=\"font-weight: 400;\"> a log\u00edstica reversa ainda n\u00e3o \u00e9 uma grande conhecida da popula\u00e7\u00e3o. Voc\u00ea sabe o que isso significa e como pode ajudar a sua vida e o meio ambiente? Qual o papel da <\/span><span style=\"font-weight: 400;\">ABREE<\/span><span style=\"font-weight: 400;\"> neste processo?<\/span><\/p>\n<p><span style=\"font-weight: 400;\">A seguir, vamos esclarecer estas d\u00favidas e apresentar a nossa nova parceria. Fique com a gente!<\/span><\/p>\n<h2><b>O que \u00e9 log\u00edstica reversa?<\/b><\/h2>\n<p><img loading=\"lazy\" decoding=\"async\" class=\"alignnone wp-image-20342\" src=\"https:\/\/www.institucional.europa.com.br\/blog\/wp-content\/uploads\/2022\/02\/info-logistica-reversa.jpg\" alt=\"\" width=\"882\" height=\"857\" \/><\/p>\n<p><span style=\"font-weight: 400;\">Primeiramente<\/span><span style=\"font-weight: 400;\">, para entender o papel da <\/span><span style=\"font-weight: 400;\">ABREE<\/span><span style=\"font-weight: 400;\">, vamos falar sobre este conceito e seu contexto na legisla\u00e7\u00e3o ambiental do pa\u00eds. A log\u00edstica reversa \u00e9 um dos principais instrumentos da<\/span><a href=\"https:\/\/ambipar.com\/noticias\/conheca-os-5-principais-objetivos-da-politica-nacional-de-residuos-solidos\/\"><span style=\"font-weight: 400;\"> Pol\u00edtica Nacional de Res\u00edduos S\u00f3lidos (PNRS)<\/span><\/a><span style=\"font-weight: 400;\">.<\/span><\/p>\n<p><span style=\"font-weight: 400;\">Esta pol\u00edtica foi institu\u00edda em 2010, com o objetivo de melhorar a gest\u00e3o de res\u00edduos a n\u00edvel nacional. <\/span><span style=\"font-weight: 400;\">Assim,<\/span><span style=\"font-weight: 400;\"> a aplica\u00e7\u00e3o da lei busca responsabilizar as empresas por seus produtos e embalagens, promovendo uma <\/span><a href=\"https:\/\/www.ecycle.com.br\/economia-regenerativa\/\"><span style=\"font-weight: 400;\">economia mais regenerativa.<\/span><\/a><\/p>\n<p><a href=\"https:\/\/abrelpe.org.br\/pdfs\/panorama\/panorama_abrelpe_2017.pdf\"><span style=\"font-weight: 400;\">De acordo com<\/span><span style=\"font-weight: 400;\"> um levantamento de 2017<\/span><\/a><span style=\"font-weight: 400;\">, o Brasil produziu mais de 77 milh\u00f5es de toneladas de res\u00edduos. Deste total, apenas 5% s\u00e3o destinados \u00e0 reciclagem.<\/span><\/p>\n<p><span style=\"font-weight: 400;\">A log\u00edstica reversa \u00e9 uma importante ferramenta para alcan\u00e7ar estes objetivos. Seu objetivo \u00e9 restituir os res\u00edduos s\u00f3lidos ao setor empresarial para reaproveitamento. <\/span><span style=\"font-weight: 400;\">Assim,<\/span><span style=\"font-weight: 400;\"> materiais como pilhas, pneus e l\u00e2mpadas s\u00e3o encaminhados para a reciclagem ou para a obten\u00e7\u00e3o de energia.<\/span><\/p>\n<p><span style=\"font-weight: 400;\">Ou seja, a<\/span><span style=\"font-weight: 400;\">quilo que teria um impacto ambiental negativo \u00e9 levado para cooperativas, como a <\/span><span style=\"font-weight: 400;\">ABREE. <\/span><span style=\"font-weight: 400;\">Dessa forma,<\/span><span style=\"font-weight: 400;\"> a responsabilidade da empresa n\u00e3o termina depois que um produto \u00e9 vendido. Esta <\/span><a href=\"https:\/\/blog.eureciclo.com.br\/responsabilidade-compartilhada\/\"><span style=\"font-weight: 400;\">responsabilidade torna-se compartilhada<\/span><\/a><span style=\"font-weight: 400;\">, por todo ciclo de vida do produto, para toda a cadeia de produ\u00e7\u00e3o.<\/span><\/p>\n<p><span style=\"font-weight: 400;\">Afinal,<\/span><span style=\"font-weight: 400;\"> todas as empresas devem realizar a log\u00edstica reversa? A lei obriga fabricantes, importadores, distribuidores e comerciantes de produtos embalados e embalagens. Conhe\u00e7a a rela\u00e7\u00e3o completa de produtos considerados pelo artigo 33 <\/span><a href=\"https:\/\/www.creditodelogisticareversa.com.br\/post\/t-quais-empresas-precisam-fazer-a-logistica-reversa-dos-residuos-solidos\"><span style=\"font-weight: 400;\">aqui.<\/span><\/a><\/p>\n<p><span style=\"font-weight: 400;\">Definitivamente,<\/span><span style=\"font-weight: 400;\"> aplicar a log\u00edstica reversa \u00e9 uma maneira de s<\/span><a href=\"https:\/\/www.institucional.europa.com.br\/blog\/sustentabilidade-empresarial\/\"><span style=\"font-weight: 400;\">e posicionar de forma mais sustent\u00e1vel e consciente no mercado<\/span><\/a><span style=\"font-weight: 400;\">. E claro, n\u00e3o deixa de ser uma estrat\u00e9gia de diferencia\u00e7\u00e3o, oferecendo uma vantagem competitiva em rela\u00e7\u00e3o \u00e0s outras empresas.<\/span><\/p>\n<h2><b>O que faz a <\/b><b>ABREE<\/b><b>?<\/b><\/h2>\n<p><img loading=\"lazy\" decoding=\"async\" class=\" wp-image-20343\" src=\"https:\/\/www.institucional.europa.com.br\/blog\/wp-content\/uploads\/2022\/02\/separacao.jpg\" alt=\"\" width=\"1177\" height=\"785\" \/><\/p>\n<p><span style=\"font-weight: 400;\">A <\/span><a href=\"https:\/\/abree.org.br\/\"><span style=\"font-weight: 400;\">ABREE<\/span> <\/a><span style=\"font-weight: 400;\">\u00e9 uma entidade sem fins lucrativos que garante a destina\u00e7\u00e3o adequada de res\u00edduos. Ela define e realiza a log\u00edstica reversa de produtos eletroeletr\u00f4nicos e eletrodom\u00e9sticos p\u00f3s-consumo no Brasil.<\/span><\/p>\n<p><span style=\"font-weight: 400;\">Dessa forma<\/span><span style=\"font-weight: 400;\">, \u00e9 respons\u00e1vel pela contrata\u00e7\u00e3o, fiscaliza\u00e7\u00e3o e auditoria dos servi\u00e7os prestados tamb\u00e9m por terceiros. Quer entender melhor como funciona? Ent\u00e3o, <\/span><a href=\"https:\/\/www.youtube.com\/watch?v=Q7zyEtf7O24&amp;t=149s\"><span style=\"font-weight: 400;\">assista ao v\u00eddeo.<\/span><\/a><b>\u00a0<\/b><\/p>\n<p><span style=\"font-weight: 400;\">H\u00e1 10 anos no mercado, a <\/span><span style=\"font-weight: 400;\">ABREE<\/span><span style=\"font-weight: 400;\"> \u00e9 a mais antiga, <\/span><span style=\"font-weight: 400;\">bem como <\/span><span style=\"font-weight: 400;\">a mais representativa entidade do setor. Atualmente, tem parceria com diversas empresas e disponibiliza<\/span><a href=\"https:\/\/abree.org.br\/pontos-de-recebimento\"><span style=\"font-weight: 400;\"> mais de 3.000 pontos de <\/span><\/a><span style=\"font-weight: 400;\">recebimento para os consumidores.<\/span><\/p>\n<p><span style=\"font-weight: 400;\">O pior \u00e9 que, mesmo com tantos pontos de coleta, muito lixo ainda vai parar no lugar errado. <\/span><span style=\"font-weight: 400;\">Segundo <\/span><span style=\"font-weight: 400;\">relat\u00f3rio da ONU, em 2019, o Brasil descartou mais de 2 milh\u00f5es de toneladas de res\u00edduos eletr\u00f4nicos. Deste total, menos de 3% foram reciclados.<\/span><\/p>\n<p><span style=\"font-weight: 400;\">De acordo com<\/span><span style=\"font-weight: 400;\"> a <\/span><a href=\"https:\/\/agenciabrasil.ebc.com.br\/geral\/noticia\/2021-10\/brasil-e-o-quinto-maior-produtor-de-lixo-eletronico\"><span style=\"font-weight: 400;\">Pesquisa Res\u00edduos Eletr\u00f4nicos,<\/span><\/a><span style=\"font-weight: 400;\"> 16%\u00a0 dos brasileiros frequentemente descartam algum eletroeletr\u00f4nico no lixo comum. Um ter\u00e7o dos entrevistados (33%) nunca ouviu falar em pontos ou locais de descarte correto para lixo eletr\u00f4nico.\u00a0<\/span><\/p>\n<p><span style=\"font-weight: 400;\">O descarte incorreto n\u00e3o permite a reciclagem das mat\u00e9rias-primas presentes nos aparelhos. <\/span><span style=\"font-weight: 400;\">Assim<\/span><span style=\"font-weight: 400;\">, \u00e9 igualmente <\/span><a href=\"https:\/\/www.paho.org\/pt\/noticias\/15-6-2021-aumento-do-lixo-eletronico-afeta-saude-milhoes-criancas-alerta-oms\"><span style=\"font-weight: 400;\">prejudicial ao meio ambiente e \u00e0 sa\u00fade humana, por conta de seus componentes qu\u00edmicos.<\/span><\/a><\/p>\n<p><span style=\"font-weight: 400;\">Logo,<\/span><span style=\"font-weight: 400;\"> \u00e9 poss\u00edvel perceber a relev\u00e2ncia do trabalho da <\/span><span style=\"font-weight: 400;\">ABREE.<\/span><span style=\"font-weight: 400;\"> Al\u00e9m de toda a parte operacional, existe um trabalho de conscientiza\u00e7\u00e3o fundamental com seus p\u00fablicos de interesse. \u00c9 preciso educar os consumidores, engajar os fabricantes e varejistas e firmar rela\u00e7\u00f5es com formadores de opini\u00e3o.<\/span><\/p>\n<h2><b>Como funciona a parceria da<\/b><b> ABREE<\/b><b> com a Europa?<\/b><\/h2>\n<p><span style=\"font-weight: 400;\">Definitivamente,<\/span><span style=\"font-weight: 400;\"> o respeito ao meio ambiente e o cuidado com a sa\u00fade s\u00e3o valores essenciais da nossa marca. Logo, \u00e9 fundamental atuar com responsabilidade, em todos os pontos e etapas.<\/span><\/p>\n<p><span style=\"font-weight: 400;\">Em parceria com a <\/span><span style=\"font-weight: 400;\">ABREE,<\/span><span style=\"font-weight: 400;\"> a Europa est\u00e1 implementando um projeto piloto de log\u00edstica reversa. Ser\u00e3o 39 lojas participantes, nos estados de S\u00e3o Paulo e do Rio de Janeiro. L\u00e1, os consumidores v\u00e3o encontrar caixas de coleta, onde poder\u00e3o descartar os refis vencidos e produtos j\u00e1 utilizados.<\/span><\/p>\n<p><span style=\"font-weight: 400;\">At\u00e9 a caixa coletora \u00e9 feita a partir de materiais reciclados, como compostos de alum\u00ednio, pl\u00e1stico e tubos de creme dental. <\/span><span style=\"font-weight: 400;\">Logo ap\u00f3s<\/span><span style=\"font-weight: 400;\"> a etapa de coleta, as pe\u00e7as ser\u00e3o transportadas, armazenadas e separadas de forma correta.<\/span><\/p>\n<p><span style=\"font-weight: 400;\">\u00c9 aqui que entra a participa\u00e7\u00e3o da <\/span><span style=\"font-weight: 400;\">ABREE<\/span><span style=\"font-weight: 400;\">, respons\u00e1vel pela organiza\u00e7\u00e3o e gest\u00e3o dos res\u00edduos s\u00f3lidos. <\/span><span style=\"font-weight: 400;\">Assim,<\/span><span style=\"font-weight: 400;\"> a Europa garante a inser\u00e7\u00e3o dos insumos em novos produtos que retornar\u00e3o ao mercado, gerando alternativas sustent\u00e1veis e empregos.\u00a0<\/span><\/p>\n<p><span style=\"font-weight: 400;\">Com isso, o Grupo Europa d\u00e1 mais um passo em dire\u00e7\u00e3o a um mundo melhor para todos. O projeto com a <\/span><span style=\"font-weight: 400;\">ABREE<\/span><span style=\"font-weight: 400;\"> vai incentivar o consumo sustent\u00e1vel e engajar toda a cadeia de produ\u00e7\u00e3o nesta iniciativa. Se quiser saber mais sobre as parcerias da Europa, <\/span><a href=\"https:\/\/www.institucional.europa.com.br\/parcerias\"><span style=\"font-weight: 400;\">clique aqui.<\/span><\/a><\/p>\n<p><span style=\"font-weight: 400;\">E voc\u00ea, tem algum<\/span><a href=\"https:\/\/www.institucional.europa.com.br\/blog\/vida-util-purificador-agua\/\"><span style=\"font-weight: 400;\"> refil ou produto usado para descartar<\/span><\/a><span style=\"font-weight: 400;\">? Fique ligado no nosso projeto de log\u00edstica reversa e fa\u00e7a o descarte consciente!<\/span><\/p>\n","protected":false},"excerpt":{"rendered":"<p>Em 2021, a Europa firmou uma importante parceria com a ABREE. A Associa\u00e7\u00e3o Brasileira de Reciclagem de Eletroeletr\u00f4nicos e Eletrodom\u00e9sticos vai ajudar a Europa a cuidar ainda mais do meio ambiente. Se voc\u00ea \u00e9 um consumidor consciente, j\u00e1 deve ter se perguntado onde descartar seus produtos corretamente. Muitas pessoas realizam o processo de reciclagem de materiais e ajudam a evitar a polui\u00e7\u00e3o por pl\u00e1stico, por exemplo. Por outro lado, a log\u00edstica reversa ainda n\u00e3o \u00e9 uma grande conhecida da popula\u00e7\u00e3o. Voc\u00ea sabe o que isso significa e como pode ajudar a sua vida e o meio ambiente? Qual o papel da ABREE neste processo? A seguir, vamos esclarecer estas d\u00favidas e apresentar a nossa nova parceria. Fique com a gente! O que \u00e9 log\u00edstica reversa? Primeiramente, para entender o papel da ABREE, vamos falar sobre este conceito e seu contexto na legisla\u00e7\u00e3o ambiental do pa\u00eds. A log\u00edstica reversa \u00e9 um dos principais instrumentos da Pol\u00edtica Nacional de Res\u00edduos S\u00f3lidos (PNRS). Esta pol\u00edtica foi institu\u00edda em 2010, com o objetivo de melhorar a gest\u00e3o de res\u00edduos a n\u00edvel nacional. Assim, a aplica\u00e7\u00e3o da lei busca responsabilizar as empresas por seus produtos e embalagens, promovendo uma economia mais regenerativa. De acordo com [&hellip;]<\/p>\n","protected":false},"author":2,"featured_media":20354,"comment_status":"closed","ping_status":"closed","sticky":false,"template":"","format":"standard","meta":{"footnotes":""},"categories":[83,48],"tags":[],"yoast_head":"<!-- This site is optimized with the Yoast SEO plugin v21.7 - https:\/\/yoast.com\/wordpress\/plugins\/seo\/ -->\n<title>ABREE: conhe\u00e7a a nossa parceira de log\u00edstica reversa<\/title>\n<meta name=\"description\" content=\"A Purificadores de \u00c1gua Europa \u00e9 parceira da ABREE, Associa\u00e7\u00e3o Brasileira de Reciclagem de Eletroeletr\u00f4nicos e Eletrodom\u00e9sticos.\" \/>\n<meta name=\"robots\" content=\"index, follow, max-snippet:-1, max-image-preview:large, max-video-preview:-1\" \/>\n<link rel=\"canonical\" href=\"https:\/\/www.institucional.europa.com.br\/blog\/abree-logistica-reversa\/\" \/>\n<meta property=\"og:locale\" content=\"pt_BR\" \/>\n<meta property=\"og:type\" content=\"article\" \/>\n<meta property=\"og:title\" content=\"ABREE: conhe\u00e7a a nossa parceira de log\u00edstica reversa\" \/>\n<meta property=\"og:description\" content=\"A Purificadores de \u00c1gua Europa \u00e9 parceira da ABREE, Associa\u00e7\u00e3o Brasileira de Reciclagem de Eletroeletr\u00f4nicos e Eletrodom\u00e9sticos.\" \/>\n<meta property=\"og:url\" content=\"https:\/\/www.institucional.europa.com.br\/blog\/abree-logistica-reversa\/\" \/>\n<meta property=\"og:site_name\" content=\"Europa\" \/>\n<meta property=\"article:publisher\" content=\"https:\/\/www.facebook.com\/europapurificadores\" \/>\n<meta property=\"article:published_time\" content=\"2022-02-21T19:10:58+00:00\" \/>\n<meta property=\"article:modified_time\" content=\"2023-04-17T17:22:37+00:00\" \/>\n<meta property=\"og:image\" content=\"https:\/\/www.institucional.europa.com.br\/blog\/wp-content\/uploads\/2022\/02\/capa-2-e1666992928364.jpg\" \/>\n\t<meta property=\"og:image:width\" content=\"999\" \/>\n\t<meta property=\"og:image:height\" content=\"666\" \/>\n\t<meta property=\"og:image:type\" content=\"image\/jpeg\" \/>\n<meta name=\"author\" content=\"Europa\" \/>\n<meta name=\"twitter:card\" content=\"summary_large_image\" \/>\n<meta name=\"twitter:label1\" content=\"Escrito por\" \/>\n\t<meta name=\"twitter:data1\" content=\"Europa\" \/>\n\t<meta name=\"twitter:label2\" content=\"Est. tempo de leitura\" \/>\n\t<meta name=\"twitter:data2\" content=\"5 minutos\" \/>\n<script type=\"application\/ld+json\" class=\"yoast-schema-graph\">{\"@context\":\"https:\/\/schema.org\",\"@graph\":[{\"@type\":\"Article\",\"@id\":\"https:\/\/www.institucional.europa.com.br\/blog\/abree-logistica-reversa\/#article\",\"isPartOf\":{\"@id\":\"https:\/\/www.institucional.europa.com.br\/blog\/abree-logistica-reversa\/\"},\"author\":{\"name\":\"Europa\",\"@id\":\"https:\/\/www.institucional.europa.com.br\/blog\/#\/schema\/person\/0805aaa577067b7ccbe6c49ca10c3fcc\"},\"headline\":\"ABREE: conhe\u00e7a a nossa parceira de log\u00edstica reversa\",\"datePublished\":\"2022-02-21T19:10:58+00:00\",\"dateModified\":\"2023-04-17T17:22:37+00:00\",\"mainEntityOfPage\":{\"@id\":\"https:\/\/www.institucional.europa.com.br\/blog\/abree-logistica-reversa\/\"},\"wordCount\":936,\"publisher\":{\"@id\":\"https:\/\/www.institucional.europa.com.br\/blog\/#organization\"},\"articleSection\":[\"Sustentabilidade\",\"Todos\"],\"inLanguage\":\"pt-BR\"},{\"@type\":\"WebPage\",\"@id\":\"https:\/\/www.institucional.europa.com.br\/blog\/abree-logistica-reversa\/\",\"url\":\"https:\/\/www.institucional.europa.com.br\/blog\/abree-logistica-reversa\/\",\"name\":\"ABREE: conhe\u00e7a a nossa parceira de log\u00edstica reversa\",\"isPartOf\":{\"@id\":\"https:\/\/www.institucional.europa.com.br\/blog\/#website\"},\"datePublished\":\"2022-02-21T19:10:58+00:00\",\"dateModified\":\"2023-04-17T17:22:37+00:00\",\"description\":\"A Purificadores de \u00c1gua Europa \u00e9 parceira da ABREE, Associa\u00e7\u00e3o Brasileira de Reciclagem de Eletroeletr\u00f4nicos e Eletrodom\u00e9sticos.\",\"breadcrumb\":{\"@id\":\"https:\/\/www.institucional.europa.com.br\/blog\/abree-logistica-reversa\/#breadcrumb\"},\"inLanguage\":\"pt-BR\",\"potentialAction\":[{\"@type\":\"ReadAction\",\"target\":[\"https:\/\/www.institucional.europa.com.br\/blog\/abree-logistica-reversa\/\"]}]},{\"@type\":\"BreadcrumbList\",\"@id\":\"https:\/\/www.institucional.europa.com.br\/blog\/abree-logistica-reversa\/#breadcrumb\",\"itemListElement\":[{\"@type\":\"ListItem\",\"position\":1,\"name\":\"In\u00edcio\",\"item\":\"https:\/\/www.institucional.europa.com.br\/blog\/\"},{\"@type\":\"ListItem\",\"position\":2,\"name\":\"ABREE: conhe\u00e7a a nossa parceira de log\u00edstica reversa\"}]},{\"@type\":\"WebSite\",\"@id\":\"https:\/\/www.institucional.europa.com.br\/blog\/#website\",\"url\":\"https:\/\/www.institucional.europa.com.br\/blog\/\",\"name\":\"Purificadores Europa\",\"description\":\"O mundo precisa de mais pureza\",\"publisher\":{\"@id\":\"https:\/\/www.institucional.europa.com.br\/blog\/#organization\"},\"potentialAction\":[{\"@type\":\"SearchAction\",\"target\":{\"@type\":\"EntryPoint\",\"urlTemplate\":\"https:\/\/www.institucional.europa.com.br\/blog\/?s={search_term_string}\"},\"query-input\":\"required name=search_term_string\"}],\"inLanguage\":\"pt-BR\"},{\"@type\":\"Organization\",\"@id\":\"https:\/\/www.institucional.europa.com.br\/blog\/#organization\",\"name\":\"Purificadores Europa\",\"url\":\"https:\/\/www.institucional.europa.com.br\/blog\/\",\"logo\":{\"@type\":\"ImageObject\",\"inLanguage\":\"pt-BR\",\"@id\":\"https:\/\/www.institucional.europa.com.br\/blog\/#\/schema\/logo\/image\/\",\"url\":\"https:\/\/europa.com.br\/blog\/wp-content\/uploads\/2018\/08\/logo.png\",\"contentUrl\":\"https:\/\/europa.com.br\/blog\/wp-content\/uploads\/2018\/08\/logo.png\",\"width\":200,\"height\":49,\"caption\":\"Purificadores Europa\"},\"image\":{\"@id\":\"https:\/\/www.institucional.europa.com.br\/blog\/#\/schema\/logo\/image\/\"},\"sameAs\":[\"https:\/\/www.facebook.com\/europapurificadores\",\"https:\/\/www.instagram.com\/purificadoreseuropa_oficial\/\",\"https:\/\/www.youtube.com\/channel\/UCp62KWK-tLexf61dOiO3ZaQ\"]},{\"@type\":\"Person\",\"@id\":\"https:\/\/www.institucional.europa.com.br\/blog\/#\/schema\/person\/0805aaa577067b7ccbe6c49ca10c3fcc\",\"name\":\"Europa\"}]}<\/script>\n<!-- \/ Yoast SEO plugin. -->","yoast_head_json":{"title":"ABREE: conhe\u00e7a a nossa parceira de log\u00edstica reversa","description":"A Purificadores de \u00c1gua Europa \u00e9 parceira da ABREE, Associa\u00e7\u00e3o Brasileira de Reciclagem de Eletroeletr\u00f4nicos e Eletrodom\u00e9sticos.","robots":{"index":"index","follow":"follow","max-snippet":"max-snippet:-1","max-image-preview":"max-image-preview:large","max-video-preview":"max-video-preview:-1"},"canonical":"https:\/\/www.institucional.europa.com.br\/blog\/abree-logistica-reversa\/","og_locale":"pt_BR","og_type":"article","og_title":"ABREE: conhe\u00e7a a nossa parceira de log\u00edstica reversa","og_description":"A Purificadores de \u00c1gua Europa \u00e9 parceira da ABREE, Associa\u00e7\u00e3o Brasileira de Reciclagem de Eletroeletr\u00f4nicos e Eletrodom\u00e9sticos.","og_url":"https:\/\/www.institucional.europa.com.br\/blog\/abree-logistica-reversa\/","og_site_name":"Europa","article_publisher":"https:\/\/www.facebook.com\/europapurificadores","article_published_time":"2022-02-21T19:10:58+00:00","article_modified_time":"2023-04-17T17:22:37+00:00","og_image":[{"width":999,"height":666,"url":"https:\/\/www.institucional.europa.com.br\/blog\/wp-content\/uploads\/2022\/02\/capa-2-e1666992928364.jpg","type":"image\/jpeg"}],"author":"Europa","twitter_card":"summary_large_image","twitter_misc":{"Escrito por":"Europa","Est. tempo de leitura":"5 minutos"},"schema":{"@context":"https:\/\/schema.org","@graph":[{"@type":"Article","@id":"https:\/\/www.institucional.europa.com.br\/blog\/abree-logistica-reversa\/#article","isPartOf":{"@id":"https:\/\/www.institucional.europa.com.br\/blog\/abree-logistica-reversa\/"},"author":{"name":"Europa","@id":"https:\/\/www.institucional.europa.com.br\/blog\/#\/schema\/person\/0805aaa577067b7ccbe6c49ca10c3fcc"},"headline":"ABREE: conhe\u00e7a a nossa parceira de log\u00edstica reversa","datePublished":"2022-02-21T19:10:58+00:00","dateModified":"2023-04-17T17:22:37+00:00","mainEntityOfPage":{"@id":"https:\/\/www.institucional.europa.com.br\/blog\/abree-logistica-reversa\/"},"wordCount":936,"publisher":{"@id":"https:\/\/www.institucional.europa.com.br\/blog\/#organization"},"articleSection":["Sustentabilidade","Todos"],"inLanguage":"pt-BR"},{"@type":"WebPage","@id":"https:\/\/www.institucional.europa.com.br\/blog\/abree-logistica-reversa\/","url":"https:\/\/www.institucional.europa.com.br\/blog\/abree-logistica-reversa\/","name":"ABREE: conhe\u00e7a a nossa parceira de log\u00edstica reversa","isPartOf":{"@id":"https:\/\/www.institucional.europa.com.br\/blog\/#website"},"datePublished":"2022-02-21T19:10:58+00:00","dateModified":"2023-04-17T17:22:37+00:00","description":"A Purificadores de \u00c1gua Europa \u00e9 parceira da ABREE, Associa\u00e7\u00e3o Brasileira de Reciclagem de Eletroeletr\u00f4nicos e Eletrodom\u00e9sticos.","breadcrumb":{"@id":"https:\/\/www.institucional.europa.com.br\/blog\/abree-logistica-reversa\/#breadcrumb"},"inLanguage":"pt-BR","potentialAction":[{"@type":"ReadAction","target":["https:\/\/www.institucional.europa.com.br\/blog\/abree-logistica-reversa\/"]}]},{"@type":"BreadcrumbList","@id":"https:\/\/www.institucional.europa.com.br\/blog\/abree-logistica-reversa\/#breadcrumb","itemListElement":[{"@type":"ListItem","position":1,"name":"In\u00edcio","item":"https:\/\/www.institucional.europa.com.br\/blog\/"},{"@type":"ListItem","position":2,"name":"ABREE: conhe\u00e7a a nossa parceira de log\u00edstica reversa"}]},{"@type":"WebSite","@id":"https:\/\/www.institucional.europa.com.br\/blog\/#website","url":"https:\/\/www.institucional.europa.com.br\/blog\/","name":"Purificadores Europa","description":"O mundo precisa de mais pureza","publisher":{"@id":"https:\/\/www.institucional.europa.com.br\/blog\/#organization"},"potentialAction":[{"@type":"SearchAction","target":{"@type":"EntryPoint","urlTemplate":"https:\/\/www.institucional.europa.com.br\/blog\/?s={search_term_string}"},"query-input":"required name=search_term_string"}],"inLanguage":"pt-BR"},{"@type":"Organization","@id":"https:\/\/www.institucional.europa.com.br\/blog\/#organization","name":"Purificadores Europa","url":"https:\/\/www.institucional.europa.com.br\/blog\/","logo":{"@type":"ImageObject","inLanguage":"pt-BR","@id":"https:\/\/www.institucional.europa.com.br\/blog\/#\/schema\/logo\/image\/","url":"https:\/\/europa.com.br\/blog\/wp-content\/uploads\/2018\/08\/logo.png","contentUrl":"https:\/\/europa.com.br\/blog\/wp-content\/uploads\/2018\/08\/logo.png","width":200,"height":49,"caption":"Purificadores Europa"},"image":{"@id":"https:\/\/www.institucional.europa.com.br\/blog\/#\/schema\/logo\/image\/"},"sameAs":["https:\/\/www.facebook.com\/europapurificadores","https:\/\/www.instagram.com\/purificadoreseuropa_oficial\/","https:\/\/www.youtube.com\/channel\/UCp62KWK-tLexf61dOiO3ZaQ"]},{"@type":"Person","@id":"https:\/\/www.institucional.europa.com.br\/blog\/#\/schema\/person\/0805aaa577067b7ccbe6c49ca10c3fcc","name":"Europa"}]}},"_links":{"self":[{"href":"https:\/\/www.institucional.europa.com.br\/blog\/wp-json\/wp\/v2\/posts\/20341"}],"collection":[{"href":"https:\/\/www.institucional.europa.com.br\/blog\/wp-json\/wp\/v2\/posts"}],"about":[{"href":"https:\/\/www.institucional.europa.com.br\/blog\/wp-json\/wp\/v2\/types\/post"}],"author":[{"embeddable":true,"href":"https:\/\/www.institucional.europa.com.br\/blog\/wp-json\/wp\/v2\/users\/2"}],"replies":[{"embeddable":true,"href":"https:\/\/www.institucional.europa.com.br\/blog\/wp-json\/wp\/v2\/comments?post=20341"}],"version-history":[{"count":0,"href":"https:\/\/www.institucional.europa.com.br\/blog\/wp-json\/wp\/v2\/posts\/20341\/revisions"}],"wp:featuredmedia":[{"embeddable":true,"href":"https:\/\/www.institucional.europa.com.br\/blog\/wp-json\/wp\/v2\/media\/20354"}],"wp:attachment":[{"href":"https:\/\/www.institucional.europa.com.br\/blog\/wp-json\/wp\/v2\/media?parent=20341"}],"wp:term":[{"taxonomy":"category","embeddable":true,"href":"https:\/\/www.institucional.europa.com.br\/blog\/wp-json\/wp\/v2\/categories?post=20341"},{"taxonomy":"post_tag","embeddable":true,"href":"https:\/\/www.institucional.europa.com.br\/blog\/wp-json\/wp\/v2\/tags?post=20341"}],"curies":[{"name":"wp","href":"https:\/\/api.w.org\/{rel}","templated":true}]}}