{"id":20185,"date":"2021-09-08T16:24:07","date_gmt":"2021-09-08T19:24:07","guid":{"rendered":"https:\/\/europa.com.br\/blog\/?p=20185"},"modified":"2023-04-25T15:54:57","modified_gmt":"2023-04-25T18:54:57","slug":"troca-do-refil-de-agua","status":"publish","type":"post","link":"https:\/\/www.institucional.europa.com.br\/blog\/troca-do-refil-de-agua\/","title":{"rendered":"Troca do refil: saiba como e quando fazer"},"content":{"rendered":"<p><span style=\"font-weight: 400;\">Definitivamente<\/span><span style=\"font-weight: 400;\">, a <\/span><span style=\"font-weight: 400;\">troca do refil<\/span><span style=\"font-weight: 400;\"> \u00e9 uma manuten\u00e7\u00e3o obrigat\u00f3ria para todos os purificadores de \u00e1gua. Mas, voc\u00ea sabe qual o prazo correto para substituir o seu refil? Todos os modelos t\u00eam o mesmo prazo?<\/span><\/p>\n<p><span style=\"font-weight: 400;\">Antes de mais nada<\/span><span style=\"font-weight: 400;\">, \u00e9 importante relembrar a import\u00e2ncia de fazer a troca no momento certo. O refil \u00e9 o cora\u00e7\u00e3o do seu purificador. \u00c9 dentro dele que acontecem os processo de filtragem e purifica\u00e7\u00e3o, por meio dos elementos filtrantes.<\/span><\/p>\n<p><span style=\"font-weight: 400;\">Todo refil tem uma<\/span><a href=\"https:\/\/europa.com.br\/blog\/vida-util-purificador-agua\/\"><span style=\"font-weight: 400;\"> vida \u00fatil<\/span><\/a><span style=\"font-weight: 400;\">. Ou seja, passado um certo tempo ou um volume determinado de \u00e1gua, os elementos filtrantes perdem a efic\u00e1cia. <\/span><span style=\"font-weight: 400;\">Assim<\/span><span style=\"font-weight: 400;\">, para manter a mesma qualidade da \u00e1gua, \u00e9 essencial fazer a<\/span><span style=\"font-weight: 400;\"> troca do refil<\/span><span style=\"font-weight: 400;\"> no tempo certo.<\/span><\/p>\n<p><span style=\"font-weight: 400;\">Se voc\u00ea tem um purificador Europa e ainda tem d\u00favidas sobre o prazo de troca, fique ligado!<\/span><\/p>\n<h2><b>Qual o prazo para a <\/b><b>troca do refil<\/b><b> do meu purificador?<\/b><\/h2>\n<p><span style=\"font-weight: 400;\">Primeiramente<\/span><span style=\"font-weight: 400;\">, vale esclarecer que os prazos n\u00e3o s\u00e3o iguais para todos os purificadores. Eles podem variar tanto de uma marca para outra, quanto de um modelo para outro.<\/span><\/p>\n<p><span style=\"font-weight: 400;\">Do mesmo modo<\/span><span style=\"font-weight: 400;\">, se voc\u00ea possui um m\u00f3dulo a mais no seu aparelho, este prazo tamb\u00e9m pode variar. Como assim? Vamos tomar o Bliss como exemplo. Se voc\u00ea possuir a<\/span><a href=\"https:\/\/loja.europa.com.br\/bica-hf-bliss\/p\"><span style=\"font-weight: 400;\"> bica com m\u00f3dulo HF<\/span><\/a><span style=\"font-weight: 400;\">, esta pe\u00e7a pode ter um prazo de troca diferente do seu refil. Ou seja, \u00e9 preciso ficar atento aos prazos de todos os m\u00f3dulos e refis de seu purificador.<\/span><\/p>\n<p><span style=\"font-weight: 400;\">Atualmente, dentro da nossa linha de produtos, temos 3 prazos diferentes para <\/span><span style=\"font-weight: 400;\">troca do refi<\/span><span style=\"font-weight: 400;\">l. <\/span><span style=\"font-weight: 400;\">De acordo com<\/span><span style=\"font-weight: 400;\"> testes realizados nos refis, \u00e9 estipulado um prazo que garante a qualidade dos elementos filtrantes.<\/span><\/p>\n<p><span style=\"font-weight: 400;\">A efic\u00e1cia garantida dos elementos filtrantes tem um limite (que varia de 500 a 6.000 litros). Al\u00e9m disso, existe tamb\u00e9m um prazo estipulado em tempo (que varia de 4 meses a 2 anos).\u00a0<\/span><\/p>\n<p><span style=\"font-weight: 400;\">Os nossos refis t\u00eam 3 prazos diferentes. S\u00e3o eles: 4 meses ou 500 litros, 1 ano ou 3.000 litros e 2 anos ou 6.000 litros. Aquele que vier a vencer primeiro, indica o momento certo da<\/span><span style=\"font-weight: 400;\"> troca do refil.\u00a0<\/span><\/p>\n<p><span style=\"font-weight: 400;\">A j<\/span><a href=\"https:\/\/loja.europa.com.br\/purificador-de-agua-europa-mov\/p\"><span style=\"font-weight: 400;\">arra MOV<\/span><\/a><span style=\"font-weight: 400;\"> e o <\/span><a href=\"https:\/\/loja.europa.com.br\/europa-for-pet\/p\"><span style=\"font-weight: 400;\">For Pet <\/span><\/a><span style=\"font-weight: 400;\">devem ser <\/span><span style=\"font-weight: 400;\">igualmente <\/span><span style=\"font-weight: 400;\">substitu\u00eddos em 4 meses ou com 500 litros consumidos. Os refis da linha<\/span><a href=\"https:\/\/loja.europa.com.br\/purificador-de-agua-europa-da-vinci-hf\/p\"><span style=\"font-weight: 400;\"> Da Vinci<\/span><\/a><span style=\"font-weight: 400;\">, o <\/span><a href=\"https:\/\/loja.europa.com.br\/https---loja-europa-com-br-purificador-de-agua-gelada-europa-fluir-p\/p\"><span style=\"font-weight: 400;\">purificador Fluir<\/span><\/a><span style=\"font-weight: 400;\">, <\/span><a href=\"https:\/\/loja.europa.com.br\/europa-cta\/p\"><span style=\"font-weight: 400;\">CTA<\/span><\/a><span style=\"font-weight: 400;\">, e <\/span><a href=\"https:\/\/loja.europa.com.br\/purificador-de-agua-europa-bliss\/p\"><span style=\"font-weight: 400;\">Bliss<\/span><\/a><span style=\"font-weight: 400;\"> t\u00eam prazo de 1 ano ou 3.000 litros. J\u00e1 os refis da linha <\/span><a href=\"https:\/\/loja.europa.com.br\/summer-line-uvls-hf\/p\"><span style=\"font-weight: 400;\">Summer <\/span><\/a><span style=\"font-weight: 400;\">e do <\/span><a href=\"https:\/\/loja.europa.com.br\/purificador-de-agua-natural-palladium\/p\"><span style=\"font-weight: 400;\">Palladium <\/span><\/a><span style=\"font-weight: 400;\">t\u00eam vida \u00fatil mais longa. Sua troca deve ser a cada 2 anos ou 6.000 litros consumidos.<\/span><\/p>\n<p><span style=\"font-weight: 400;\">O consumo de \u00e1gua pode variar para mais ou para menos, e nem sempre pode ser monitorado. <\/span><span style=\"font-weight: 400;\">Assim<\/span><span style=\"font-weight: 400;\">, nos casos de consumo baixo ou descontinuado, o mais seguro \u00e9 realizar a <\/span><span style=\"font-weight: 400;\">troca do refil<\/span><span style=\"font-weight: 400;\"> no tempo indicado.\u00a0<\/span><\/p>\n<h2><b>Dispositivos de monitoramento e controle<\/b><\/h2>\n<p><img loading=\"lazy\" decoding=\"async\" class=\"alignnone size-medium wp-image-20188\" src=\"https:\/\/europa.com.br\/blog\/wp-content\/uploads\/2021\/09\/Eurotimer-300x220.jpg\" alt=\"troca do refil de \u00e1gua\" width=\"300\" height=\"220\" srcset=\"https:\/\/www.institucional.europa.com.br\/blog\/wp-content\/uploads\/2021\/09\/Eurotimer-300x220.jpg 300w, https:\/\/www.institucional.europa.com.br\/blog\/wp-content\/uploads\/2021\/09\/Eurotimer.jpg 591w\" sizes=\"(max-width: 300px) 100vw, 300px\" \/><\/p>\n<p><span style=\"font-weight: 400;\">Afinal<\/span><span style=\"font-weight: 400;\">, como saber quando \u00e9 a hora certa? <\/span><a href=\"https:\/\/www.youtube.com\/watch?v=iino9lplSnA\"><span style=\"font-weight: 400;\">Como lembrar da data<\/span><\/a><span style=\"font-weight: 400;\">? Para ajudar a n\u00e3o perder o prazo certo da <\/span><span style=\"font-weight: 400;\">troca do refil<\/span><span style=\"font-weight: 400;\">, nossos produtos contam com dispositivos de controle. A maior parte da nossa linha tem um excelente aliado nesta tarefa, o Eurotimer.<\/span><\/p>\n<p><span style=\"font-weight: 400;\">Com tecnologia exclusiva, este dispositivo inteligente ajuda a monitorar a passagem do tempo. <\/span><span style=\"font-weight: 400;\">Dessa forma<\/span><span style=\"font-weight: 400;\">, depois do prazo estipulado (4 meses, 1 ou 2 anos), a etiqueta indica o vencimento do produto.<\/span><\/p>\n<p><img loading=\"lazy\" decoding=\"async\" class=\"alignnone size-medium wp-image-20187\" src=\"https:\/\/europa.com.br\/blog\/wp-content\/uploads\/2021\/09\/Contagua-1-300x263.png\" alt=\"purificador de \u00e1gua europa contagua\" width=\"300\" height=\"263\" srcset=\"https:\/\/www.institucional.europa.com.br\/blog\/wp-content\/uploads\/2021\/09\/Contagua-1-300x263.png 300w, https:\/\/www.institucional.europa.com.br\/blog\/wp-content\/uploads\/2021\/09\/Contagua-1.png 512w\" sizes=\"(max-width: 300px) 100vw, 300px\" \/><\/p>\n<p><span style=\"font-weight: 400;\">Ainda mais<\/span><span style=\"font-weight: 400;\"> preciso \u00e9 o acess\u00f3rio Cont\u00e1gua. Ele \u00e9 um contador de litros, que indica o volume consumido e aponta o momento exato da <\/span><span style=\"font-weight: 400;\">troca do refil<\/span><span style=\"font-weight: 400;\">. O Cont\u00e1gua vem embutido em apenas 3 produtos da nossa linha. <\/span><span style=\"font-weight: 400;\">Por outro lado<\/span><span style=\"font-weight: 400;\">, se quiser ter mais controle do seu consumo, \u00e9 s\u00f3 <\/span><a href=\"https:\/\/europa.com.br\/onde-encontrar\/\"><span style=\"font-weight: 400;\">procurar uma loja Europa.<\/span><\/a><\/p>\n<p><span style=\"font-weight: 400;\">Ele pode ser adquirido separadamente e instalado em qualquer um de nossos purificadores.<\/span><\/p>\n<h2><b>O que acontece se eu n\u00e3o realizar a <\/b><b>troca do refil\u00a0<\/b><\/h2>\n<p><span style=\"font-weight: 400;\">Para o senso comum, o prazo de <\/span><span style=\"font-weight: 400;\">troca do refil<\/span><span style=\"font-weight: 400;\"> seria como um<\/span><a href=\"https:\/\/www.eali.com.br\/post\/prazo-de-validade-o-que-%C3%A9-e-como-s%C3%A3o-definidos\"><span style=\"font-weight: 400;\"> prazo de validade. <\/span><\/a><span style=\"font-weight: 400;\">Este indica o tempo no qual o produto deve ser consumido. <\/span><span style=\"font-weight: 400;\">Por outro lado<\/span><span style=\"font-weight: 400;\">, do ponto de vista t\u00e9cnico, muda um pouco a percep\u00e7\u00e3o.<\/span><\/p>\n<p><span style=\"font-weight: 400;\">O prazo de validade \u00e9 aquele que a empresa garante que o produto \u00e9 seguro para a sa\u00fade do consumidor. Os produtos aliment\u00edcios, cosm\u00e9ticos, medicamentos, entre outros, devem indicar <\/span><span style=\"font-weight: 400;\">igualmente <\/span><span style=\"font-weight: 400;\">esta data.<\/span><\/p>\n<p><span style=\"font-weight: 400;\">Para determinar a data de validade de um produto s\u00e3o realizadas an\u00e1lises em laborat\u00f3rios. Ali, suas caracter\u00edsticas sensoriais, f\u00edsicas e microbiol\u00f3gicas s\u00e3o examinadas.<\/span><span style=\"font-weight: 400;\">\u00a0<\/span><\/p>\n<p><span style=\"font-weight: 400;\">O prazo de <\/span><span style=\"font-weight: 400;\">troca do refil,<\/span><span style=\"font-weight: 400;\"> por exemplo,\u00a0 \u00e9 estipulado por cada fabricante. Ele deve constar em todo manual de produto. A Europa conta com um laborat\u00f3rio pr\u00f3prio e realiza testes em todos os seus produtos.\u00a0<\/span><\/p>\n<p><span style=\"font-weight: 400;\">Com o passar do tempo, os elementos filtrantes perdem a efici\u00eancia. <\/span><span style=\"font-weight: 400;\">Logo<\/span><span style=\"font-weight: 400;\">, a pe\u00e7a vai se desgastando e, por isso, \u00e9 preciso fazer a troca. Para garantir os percentuais de reten\u00e7\u00e3o e redu\u00e7\u00e3o, e efici\u00eancia bacteriol\u00f3gica \u00e9 preciso respeitar o tempo de manuten\u00e7\u00e3o.\u00a0<\/span><\/p>\n<p><span style=\"font-weight: 400;\">O cloro livre, por exemplo, deve ser reduzido no m\u00ednimo em 75%. Depois do tempo de vida \u00fatil estipulado, o refil continua reduzindo o cloro, por\u00e9m, n\u00e3o mais com o percentual garantido.<\/span><\/p>\n<p><span style=\"font-weight: 400;\">Assim<\/span><span style=\"font-weight: 400;\">, deixar de realizar a troca no tempo certo, coloca a sua sa\u00fade e a da sua fam\u00edlia em risco. Na hora da manuten\u00e7\u00e3o, procurar pe\u00e7as originais e com o <\/span><a href=\"https:\/\/abrafipa.com.br\/selo\/\"><span style=\"font-weight: 400;\">Selo Abrafipa<\/span><\/a><span style=\"font-weight: 400;\"> \u00e9 <\/span><span style=\"font-weight: 400;\">igualmente <\/span><span style=\"font-weight: 400;\">importante.<\/span><\/p>\n<p><span style=\"font-weight: 400;\">E voc\u00ea, j\u00e1 fez a <\/span><span style=\"font-weight: 400;\">troca do refil<\/span><span style=\"font-weight: 400;\"> do seu purificador? Se j\u00e1 estiver na hora, <\/span><a href=\"https:\/\/loja.europa.com.br\/refis\"><span style=\"font-weight: 400;\">procure o refil do seu aparelho<\/span><\/a><span style=\"font-weight: 400;\"> e fique de olho na manuten\u00e7\u00e3o!<\/span><\/p>\n","protected":false},"excerpt":{"rendered":"<p>Definitivamente, a troca do refil \u00e9 uma manuten\u00e7\u00e3o obrigat\u00f3ria para todos os purificadores de \u00e1gua. Mas, voc\u00ea sabe qual o prazo correto para substituir o seu refil? Todos os modelos t\u00eam o mesmo prazo? Antes de mais nada, \u00e9 importante relembrar a import\u00e2ncia de fazer a troca no momento certo. O refil \u00e9 o cora\u00e7\u00e3o do seu purificador. \u00c9 dentro dele que acontecem os processo de filtragem e purifica\u00e7\u00e3o, por meio dos elementos filtrantes. Todo refil tem uma vida \u00fatil. Ou seja, passado um certo tempo ou um volume determinado de \u00e1gua, os elementos filtrantes perdem a efic\u00e1cia. Assim, para manter a mesma qualidade da \u00e1gua, \u00e9 essencial fazer a troca do refil no tempo certo. Se voc\u00ea tem um purificador Europa e ainda tem d\u00favidas sobre o prazo de troca, fique ligado! Qual o prazo para a troca do refil do meu purificador? Primeiramente, vale esclarecer que os prazos n\u00e3o s\u00e3o iguais para todos os purificadores. Eles podem variar tanto de uma marca para outra, quanto de um modelo para outro. Do mesmo modo, se voc\u00ea possui um m\u00f3dulo a mais no seu aparelho, este prazo tamb\u00e9m pode variar. Como assim? Vamos tomar o Bliss como exemplo. Se voc\u00ea [&hellip;]<\/p>\n","protected":false},"author":3,"featured_media":20186,"comment_status":"closed","ping_status":"closed","sticky":false,"template":"","format":"standard","meta":{"footnotes":""},"categories":[79,80,48],"tags":[],"yoast_head":"<!-- This site is optimized with the Yoast SEO plugin v21.7 - https:\/\/yoast.com\/wordpress\/plugins\/seo\/ -->\n<title>Troca de filtros e refis de \u00e1gua: saiba como e quando fazer<\/title>\n<meta name=\"description\" content=\"Definitivamente, a troca do refil \u00e9 uma manuten\u00e7\u00e3o obrigat\u00f3ria para todos os purificadores e filtros de \u00e1gua. Aprenda como faz\u00ea-lo!\" \/>\n<meta name=\"robots\" content=\"index, follow, max-snippet:-1, max-image-preview:large, max-video-preview:-1\" \/>\n<link rel=\"canonical\" href=\"https:\/\/www.institucional.europa.com.br\/blog\/troca-do-refil-de-agua\/\" \/>\n<meta property=\"og:locale\" content=\"pt_BR\" \/>\n<meta property=\"og:type\" content=\"article\" \/>\n<meta property=\"og:title\" content=\"Troca de filtros e refis de \u00e1gua: saiba como e quando fazer\" \/>\n<meta property=\"og:description\" content=\"Definitivamente, a troca do refil \u00e9 uma manuten\u00e7\u00e3o obrigat\u00f3ria para todos os purificadores e filtros de \u00e1gua. Aprenda como faz\u00ea-lo!\" \/>\n<meta property=\"og:url\" content=\"https:\/\/www.institucional.europa.com.br\/blog\/troca-do-refil-de-agua\/\" \/>\n<meta property=\"og:site_name\" content=\"Europa\" \/>\n<meta property=\"article:publisher\" content=\"https:\/\/www.facebook.com\/europapurificadores\" \/>\n<meta property=\"article:published_time\" content=\"2021-09-08T19:24:07+00:00\" \/>\n<meta property=\"article:modified_time\" content=\"2023-04-25T18:54:57+00:00\" \/>\n<meta property=\"og:image\" content=\"https:\/\/www.institucional.europa.com.br\/blog\/wp-content\/uploads\/2021\/09\/CAPA-6.jpg\" \/>\n\t<meta property=\"og:image:width\" content=\"1999\" \/>\n\t<meta property=\"og:image:height\" content=\"1314\" \/>\n\t<meta property=\"og:image:type\" content=\"image\/jpeg\" \/>\n<meta name=\"author\" content=\"Andreo\" \/>\n<meta name=\"twitter:card\" content=\"summary_large_image\" \/>\n<meta name=\"twitter:label1\" content=\"Escrito por\" \/>\n\t<meta name=\"twitter:data1\" content=\"Andreo\" \/>\n\t<meta name=\"twitter:label2\" content=\"Est. tempo de leitura\" \/>\n\t<meta name=\"twitter:data2\" content=\"5 minutos\" \/>\n<script type=\"application\/ld+json\" class=\"yoast-schema-graph\">{\"@context\":\"https:\/\/schema.org\",\"@graph\":[{\"@type\":\"Article\",\"@id\":\"https:\/\/www.institucional.europa.com.br\/blog\/troca-do-refil-de-agua\/#article\",\"isPartOf\":{\"@id\":\"https:\/\/www.institucional.europa.com.br\/blog\/troca-do-refil-de-agua\/\"},\"author\":{\"name\":\"Andreo\",\"@id\":\"https:\/\/www.institucional.europa.com.br\/blog\/#\/schema\/person\/68b8a5946bf87d89a3c20f78f2519a18\"},\"headline\":\"Troca do refil: saiba como e quando fazer\",\"datePublished\":\"2021-09-08T19:24:07+00:00\",\"dateModified\":\"2023-04-25T18:54:57+00:00\",\"mainEntityOfPage\":{\"@id\":\"https:\/\/www.institucional.europa.com.br\/blog\/troca-do-refil-de-agua\/\"},\"wordCount\":898,\"publisher\":{\"@id\":\"https:\/\/www.institucional.europa.com.br\/blog\/#organization\"},\"articleSection\":[\"FAQ\",\"Produtos\",\"Todos\"],\"inLanguage\":\"pt-BR\"},{\"@type\":\"WebPage\",\"@id\":\"https:\/\/www.institucional.europa.com.br\/blog\/troca-do-refil-de-agua\/\",\"url\":\"https:\/\/www.institucional.europa.com.br\/blog\/troca-do-refil-de-agua\/\",\"name\":\"Troca de filtros e refis de \u00e1gua: saiba como e quando fazer\",\"isPartOf\":{\"@id\":\"https:\/\/www.institucional.europa.com.br\/blog\/#website\"},\"datePublished\":\"2021-09-08T19:24:07+00:00\",\"dateModified\":\"2023-04-25T18:54:57+00:00\",\"description\":\"Definitivamente, a troca do refil \u00e9 uma manuten\u00e7\u00e3o obrigat\u00f3ria para todos os purificadores e filtros de \u00e1gua. Aprenda como faz\u00ea-lo!\",\"breadcrumb\":{\"@id\":\"https:\/\/www.institucional.europa.com.br\/blog\/troca-do-refil-de-agua\/#breadcrumb\"},\"inLanguage\":\"pt-BR\",\"potentialAction\":[{\"@type\":\"ReadAction\",\"target\":[\"https:\/\/www.institucional.europa.com.br\/blog\/troca-do-refil-de-agua\/\"]}]},{\"@type\":\"BreadcrumbList\",\"@id\":\"https:\/\/www.institucional.europa.com.br\/blog\/troca-do-refil-de-agua\/#breadcrumb\",\"itemListElement\":[{\"@type\":\"ListItem\",\"position\":1,\"name\":\"In\u00edcio\",\"item\":\"https:\/\/www.institucional.europa.com.br\/blog\/\"},{\"@type\":\"ListItem\",\"position\":2,\"name\":\"Troca do refil: saiba como e quando fazer\"}]},{\"@type\":\"WebSite\",\"@id\":\"https:\/\/www.institucional.europa.com.br\/blog\/#website\",\"url\":\"https:\/\/www.institucional.europa.com.br\/blog\/\",\"name\":\"Purificadores Europa\",\"description\":\"O mundo precisa de mais pureza\",\"publisher\":{\"@id\":\"https:\/\/www.institucional.europa.com.br\/blog\/#organization\"},\"potentialAction\":[{\"@type\":\"SearchAction\",\"target\":{\"@type\":\"EntryPoint\",\"urlTemplate\":\"https:\/\/www.institucional.europa.com.br\/blog\/?s={search_term_string}\"},\"query-input\":\"required name=search_term_string\"}],\"inLanguage\":\"pt-BR\"},{\"@type\":\"Organization\",\"@id\":\"https:\/\/www.institucional.europa.com.br\/blog\/#organization\",\"name\":\"Purificadores Europa\",\"url\":\"https:\/\/www.institucional.europa.com.br\/blog\/\",\"logo\":{\"@type\":\"ImageObject\",\"inLanguage\":\"pt-BR\",\"@id\":\"https:\/\/www.institucional.europa.com.br\/blog\/#\/schema\/logo\/image\/\",\"url\":\"https:\/\/europa.com.br\/blog\/wp-content\/uploads\/2018\/08\/logo.png\",\"contentUrl\":\"https:\/\/europa.com.br\/blog\/wp-content\/uploads\/2018\/08\/logo.png\",\"width\":200,\"height\":49,\"caption\":\"Purificadores Europa\"},\"image\":{\"@id\":\"https:\/\/www.institucional.europa.com.br\/blog\/#\/schema\/logo\/image\/\"},\"sameAs\":[\"https:\/\/www.facebook.com\/europapurificadores\",\"https:\/\/www.instagram.com\/purificadoreseuropa_oficial\/\",\"https:\/\/www.youtube.com\/channel\/UCp62KWK-tLexf61dOiO3ZaQ\"]},{\"@type\":\"Person\",\"@id\":\"https:\/\/www.institucional.europa.com.br\/blog\/#\/schema\/person\/68b8a5946bf87d89a3c20f78f2519a18\",\"name\":\"Andreo\"}]}<\/script>\n<!-- \/ Yoast SEO plugin. -->","yoast_head_json":{"title":"Troca de filtros e refis de \u00e1gua: saiba como e quando fazer","description":"Definitivamente, a troca do refil \u00e9 uma manuten\u00e7\u00e3o obrigat\u00f3ria para todos os purificadores e filtros de \u00e1gua. Aprenda como faz\u00ea-lo!","robots":{"index":"index","follow":"follow","max-snippet":"max-snippet:-1","max-image-preview":"max-image-preview:large","max-video-preview":"max-video-preview:-1"},"canonical":"https:\/\/www.institucional.europa.com.br\/blog\/troca-do-refil-de-agua\/","og_locale":"pt_BR","og_type":"article","og_title":"Troca de filtros e refis de \u00e1gua: saiba como e quando fazer","og_description":"Definitivamente, a troca do refil \u00e9 uma manuten\u00e7\u00e3o obrigat\u00f3ria para todos os purificadores e filtros de \u00e1gua. Aprenda como faz\u00ea-lo!","og_url":"https:\/\/www.institucional.europa.com.br\/blog\/troca-do-refil-de-agua\/","og_site_name":"Europa","article_publisher":"https:\/\/www.facebook.com\/europapurificadores","article_published_time":"2021-09-08T19:24:07+00:00","article_modified_time":"2023-04-25T18:54:57+00:00","og_image":[{"width":1999,"height":1314,"url":"https:\/\/www.institucional.europa.com.br\/blog\/wp-content\/uploads\/2021\/09\/CAPA-6.jpg","type":"image\/jpeg"}],"author":"Andreo","twitter_card":"summary_large_image","twitter_misc":{"Escrito por":"Andreo","Est. tempo de leitura":"5 minutos"},"schema":{"@context":"https:\/\/schema.org","@graph":[{"@type":"Article","@id":"https:\/\/www.institucional.europa.com.br\/blog\/troca-do-refil-de-agua\/#article","isPartOf":{"@id":"https:\/\/www.institucional.europa.com.br\/blog\/troca-do-refil-de-agua\/"},"author":{"name":"Andreo","@id":"https:\/\/www.institucional.europa.com.br\/blog\/#\/schema\/person\/68b8a5946bf87d89a3c20f78f2519a18"},"headline":"Troca do refil: saiba como e quando fazer","datePublished":"2021-09-08T19:24:07+00:00","dateModified":"2023-04-25T18:54:57+00:00","mainEntityOfPage":{"@id":"https:\/\/www.institucional.europa.com.br\/blog\/troca-do-refil-de-agua\/"},"wordCount":898,"publisher":{"@id":"https:\/\/www.institucional.europa.com.br\/blog\/#organization"},"articleSection":["FAQ","Produtos","Todos"],"inLanguage":"pt-BR"},{"@type":"WebPage","@id":"https:\/\/www.institucional.europa.com.br\/blog\/troca-do-refil-de-agua\/","url":"https:\/\/www.institucional.europa.com.br\/blog\/troca-do-refil-de-agua\/","name":"Troca de filtros e refis de \u00e1gua: saiba como e quando fazer","isPartOf":{"@id":"https:\/\/www.institucional.europa.com.br\/blog\/#website"},"datePublished":"2021-09-08T19:24:07+00:00","dateModified":"2023-04-25T18:54:57+00:00","description":"Definitivamente, a troca do refil \u00e9 uma manuten\u00e7\u00e3o obrigat\u00f3ria para todos os purificadores e filtros de \u00e1gua. Aprenda como faz\u00ea-lo!","breadcrumb":{"@id":"https:\/\/www.institucional.europa.com.br\/blog\/troca-do-refil-de-agua\/#breadcrumb"},"inLanguage":"pt-BR","potentialAction":[{"@type":"ReadAction","target":["https:\/\/www.institucional.europa.com.br\/blog\/troca-do-refil-de-agua\/"]}]},{"@type":"BreadcrumbList","@id":"https:\/\/www.institucional.europa.com.br\/blog\/troca-do-refil-de-agua\/#breadcrumb","itemListElement":[{"@type":"ListItem","position":1,"name":"In\u00edcio","item":"https:\/\/www.institucional.europa.com.br\/blog\/"},{"@type":"ListItem","position":2,"name":"Troca do refil: saiba como e quando fazer"}]},{"@type":"WebSite","@id":"https:\/\/www.institucional.europa.com.br\/blog\/#website","url":"https:\/\/www.institucional.europa.com.br\/blog\/","name":"Purificadores Europa","description":"O mundo precisa de mais pureza","publisher":{"@id":"https:\/\/www.institucional.europa.com.br\/blog\/#organization"},"potentialAction":[{"@type":"SearchAction","target":{"@type":"EntryPoint","urlTemplate":"https:\/\/www.institucional.europa.com.br\/blog\/?s={search_term_string}"},"query-input":"required name=search_term_string"}],"inLanguage":"pt-BR"},{"@type":"Organization","@id":"https:\/\/www.institucional.europa.com.br\/blog\/#organization","name":"Purificadores Europa","url":"https:\/\/www.institucional.europa.com.br\/blog\/","logo":{"@type":"ImageObject","inLanguage":"pt-BR","@id":"https:\/\/www.institucional.europa.com.br\/blog\/#\/schema\/logo\/image\/","url":"https:\/\/europa.com.br\/blog\/wp-content\/uploads\/2018\/08\/logo.png","contentUrl":"https:\/\/europa.com.br\/blog\/wp-content\/uploads\/2018\/08\/logo.png","width":200,"height":49,"caption":"Purificadores Europa"},"image":{"@id":"https:\/\/www.institucional.europa.com.br\/blog\/#\/schema\/logo\/image\/"},"sameAs":["https:\/\/www.facebook.com\/europapurificadores","https:\/\/www.instagram.com\/purificadoreseuropa_oficial\/","https:\/\/www.youtube.com\/channel\/UCp62KWK-tLexf61dOiO3ZaQ"]},{"@type":"Person","@id":"https:\/\/www.institucional.europa.com.br\/blog\/#\/schema\/person\/68b8a5946bf87d89a3c20f78f2519a18","name":"Andreo"}]}},"_links":{"self":[{"href":"https:\/\/www.institucional.europa.com.br\/blog\/wp-json\/wp\/v2\/posts\/20185"}],"collection":[{"href":"https:\/\/www.institucional.europa.com.br\/blog\/wp-json\/wp\/v2\/posts"}],"about":[{"href":"https:\/\/www.institucional.europa.com.br\/blog\/wp-json\/wp\/v2\/types\/post"}],"author":[{"embeddable":true,"href":"https:\/\/www.institucional.europa.com.br\/blog\/wp-json\/wp\/v2\/users\/3"}],"replies":[{"embeddable":true,"href":"https:\/\/www.institucional.europa.com.br\/blog\/wp-json\/wp\/v2\/comments?post=20185"}],"version-history":[{"count":0,"href":"https:\/\/www.institucional.europa.com.br\/blog\/wp-json\/wp\/v2\/posts\/20185\/revisions"}],"wp:featuredmedia":[{"embeddable":true,"href":"https:\/\/www.institucional.europa.com.br\/blog\/wp-json\/wp\/v2\/media\/20186"}],"wp:attachment":[{"href":"https:\/\/www.institucional.europa.com.br\/blog\/wp-json\/wp\/v2\/media?parent=20185"}],"wp:term":[{"taxonomy":"category","embeddable":true,"href":"https:\/\/www.institucional.europa.com.br\/blog\/wp-json\/wp\/v2\/categories?post=20185"},{"taxonomy":"post_tag","embeddable":true,"href":"https:\/\/www.institucional.europa.com.br\/blog\/wp-json\/wp\/v2\/tags?post=20185"}],"curies":[{"name":"wp","href":"https:\/\/api.w.org\/{rel}","templated":true}]}}