{"id":20095,"date":"2021-06-22T14:29:16","date_gmt":"2021-06-22T17:29:16","guid":{"rendered":"https:\/\/europa.com.br\/blog\/?p=20095"},"modified":"2023-05-04T09:12:46","modified_gmt":"2023-05-04T12:12:46","slug":"encontro-das-aguas-rio-e-mar","status":"publish","type":"post","link":"https:\/\/www.institucional.europa.com.br\/blog\/encontro-das-aguas-rio-e-mar\/","title":{"rendered":"Encontro das \u00e1guas em 6 lugares do Brasil!"},"content":{"rendered":"<p><span style=\"font-weight: 400;\">Tema de document\u00e1rios e at\u00e9 de can\u00e7\u00f5es, o <\/span><span style=\"font-weight: 400;\">encontro das \u00e1guas<\/span><span style=\"font-weight: 400;\"> \u00e9 um acontecimento natural muito especial!<\/span><\/p>\n<p><span style=\"font-weight: 400;\">Mas<\/span><span style=\"font-weight: 400;\">, afinal,<\/span><span style=\"font-weight: 400;\"> que \u00e1guas s\u00e3o essas que estamos falando? Esse fen\u00f4meno junta a \u00e1gua doce com a salgada, o verde do rio com o azul do mar. Para que isso aconte\u00e7a, s\u00e3o necess\u00e1rias algumas condi\u00e7\u00f5es geol\u00f3gicas, clim\u00e1ticas e at\u00e9 termais.<\/span><\/p>\n<p><span style=\"font-weight: 400;\">No Brasil, existem alguns lugares em que podemos observar esse acontecimento. Vamos listar 6 pontos no nosso pa\u00eds para voc\u00ea conhecer o <\/span><span style=\"font-weight: 400;\">encontro das \u00e1guas.<\/span><\/p>\n<p><span style=\"font-weight: 400;\">Antes de mais nada<\/span><span style=\"font-weight: 400;\">, vamos entender como e por que a \u00e1gua doce se mistura com a \u00e1gua salgada?<\/span><\/p>\n<h2><b>Como acontece o <\/b><b>encontro das \u00e1guas<\/b><b>?<\/b><\/h2>\n<p><span style=\"font-weight: 400;\">Voc\u00ea j\u00e1 ouviu falar em <\/span><a href=\"https:\/\/www.todamateria.com.br\/estuario\/\"><span style=\"font-weight: 400;\">estu\u00e1rios<\/span><\/a><span style=\"font-weight: 400;\">?\u00a0 Eles s\u00e3o uma zona de transi\u00e7\u00e3o entre o rio e o mar. O estu\u00e1rio \u00e9 um corpo de \u00e1gua costeira parcialmente fechado, onde a \u00e1gua salgada \u00e9 dilu\u00edda com \u00e1gua doce. <\/span><span style=\"font-weight: 400;\">Logo<\/span><span style=\"font-weight: 400;\">, eles s\u00e3o essenciais para o <\/span><span style=\"font-weight: 400;\">encontro das \u00e1guas<\/span><span style=\"font-weight: 400;\">.<\/span><\/p>\n<p><img loading=\"lazy\" decoding=\"async\" class=\"alignnone size-medium wp-image-20103\" src=\"https:\/\/europa.com.br\/blog\/wp-content\/uploads\/2021\/06\/ESTUARIO-300x199.jpg\" alt=\"\" width=\"300\" height=\"199\" srcset=\"https:\/\/www.institucional.europa.com.br\/blog\/wp-content\/uploads\/2021\/06\/ESTUARIO-300x199.jpg 300w, https:\/\/www.institucional.europa.com.br\/blog\/wp-content\/uploads\/2021\/06\/ESTUARIO-1024x678.jpg 1024w, https:\/\/www.institucional.europa.com.br\/blog\/wp-content\/uploads\/2021\/06\/ESTUARIO-768x509.jpg 768w, https:\/\/www.institucional.europa.com.br\/blog\/wp-content\/uploads\/2021\/06\/ESTUARIO-1536x1017.jpg 1536w, https:\/\/www.institucional.europa.com.br\/blog\/wp-content\/uploads\/2021\/06\/ESTUARIO-scaled.jpg 2048w, https:\/\/www.institucional.europa.com.br\/blog\/wp-content\/uploads\/2021\/06\/ESTUARIO-600x400.jpg 600w\" sizes=\"(max-width: 300px) 100vw, 300px\" \/><\/p>\n<p><span style=\"font-weight: 400;\">Ainda mais<\/span><span style=\"font-weight: 400;\"> importantes que os limites geogr\u00e1ficos para definir esse ambiente s\u00e3o os limites de salinidade. A \u00e1gua doce, sendo mais leve que a salgada, tende a formar uma camada distinta. Essa camada flutua na superf\u00edcie do estu\u00e1rio.\u00a0<\/span><\/p>\n<p><span style=\"font-weight: 400;\">No limite entre as \u00e1guas, h\u00e1 uma certa quantidade de mistura. Ela \u00e9 causada pelo fluxo de \u00e1gua doce sobre o sal e pelo fluxo e refluxo das mar\u00e9s. De tempos em tempos, ventos fortes ou ondas internas podem causar uma mistura adicional.<\/span><\/p>\n<p><span style=\"font-weight: 400;\">Existem 4 tipos de estu\u00e1rios, <\/span><span style=\"font-weight: 400;\">de acordo com<\/span><span style=\"font-weight: 400;\"> as suas origens. Em todo o mundo, existem muitas regi\u00f5es costeiras onde a \u00e1gua doce flui para o mar<\/span><span style=\"font-weight: 400;\">. <\/span><span style=\"font-weight: 400;\">A Ba\u00eda da Guanabara, a Lagoa dos Patos, a foz do Amazonas e do S\u00e3o Francisco s\u00e3o os principais estu\u00e1rios brasileiros.<\/span><\/p>\n<h2><b>O potencial est\u00e1 na diferen\u00e7a<\/b><\/h2>\n<p><span style=\"font-weight: 400;\">Segundo<\/span><span style=\"font-weight: 400;\"> uma <\/span><a href=\"https:\/\/news.psu.edu\/story\/467252\/2017\/05\/08\/research\/where-rivers-meet-sea\"><span style=\"font-weight: 400;\">universidade norte-americana<\/span><\/a><span style=\"font-weight: 400;\">, o <\/span><span style=\"font-weight: 400;\">encontro das \u00e1guas<\/span><span style=\"font-weight: 400;\"> pode gerar metade da demanda de energia do mundo.\u00a0<\/span><\/p>\n<p><span style=\"font-weight: 400;\">O desenvolvimento de um novo sistema pode aproveitar a energia gerada pelo encontro da \u00e1gua doce com a \u00e1gua salgada. Utilizar esse acontecimento natural como fonte de energia renov\u00e1vel n\u00e3o \u00e9 um m\u00e9todo conhecido.\u00a0<\/span><\/p>\n<p><span style=\"font-weight: 400;\">Por outro lado<\/span><span style=\"font-weight: 400;\">, ela \u00e9 praticamente inexplorada, diferentemente da <\/span><a href=\"https:\/\/europa.com.br\/blog\/paineis-solares\/\"><span style=\"font-weight: 400;\">energia solar <\/span><\/a><span style=\"font-weight: 400;\">ou e\u00f3lica. Nos corpos d\u2019\u00e1gua com diferentes concentra\u00e7\u00f5es de sal \u00e9 que se encontra esse potencial.\u00a0<\/span><\/p>\n<p><span style=\"font-weight: 400;\">Em fun\u00e7\u00e3o da diferen\u00e7a de salinidade, as for\u00e7as da natureza tentam igualar a concentra\u00e7\u00e3o de sal. <\/span><span style=\"font-weight: 400;\">Simultaneamente<\/span><span style=\"font-weight: 400;\"> \u00e0 mistura da \u00e1gua, os \u00edons de sal fluem da \u00e1rea de alta concentra\u00e7\u00e3o para as de menor concentra\u00e7\u00e3o.\u00a0<\/span><\/p>\n<p><span style=\"font-weight: 400;\">Esses estudos apontam que o <\/span><span style=\"font-weight: 400;\">encontro das \u00e1guas<\/span><span style=\"font-weight: 400;\">\u00a0\u00e9 uma das fontes de energia mais proeminentes e ainda n\u00e3o exploradas.\u00a0<\/span><\/p>\n<p><span style=\"font-weight: 400;\">Agora, vamos descobrir onde podemos ver esse lindo acontecimento aqui no Brasil?<\/span><\/p>\n<h2><b>6 lugares para admirar o <\/b><b>encontro das \u00e1guas<\/b><\/h2>\n<p><b>1- Praia do Tombo (Boca da Barra) &#8211; Itanha\u00e9m, SP<\/b><\/p>\n<p><img loading=\"lazy\" decoding=\"async\" class=\"alignnone wp-image-20099 size-large\" src=\"https:\/\/europa.com.br\/blog\/wp-content\/uploads\/2021\/06\/Itanhaem-aerea-1024x683.jpg\" alt=\"\" width=\"1024\" height=\"683\" srcset=\"https:\/\/www.institucional.europa.com.br\/blog\/wp-content\/uploads\/2021\/06\/Itanhaem-aerea-1024x683.jpg 1024w, https:\/\/www.institucional.europa.com.br\/blog\/wp-content\/uploads\/2021\/06\/Itanhaem-aerea-300x200.jpg 300w, https:\/\/www.institucional.europa.com.br\/blog\/wp-content\/uploads\/2021\/06\/Itanhaem-aerea-768x512.jpg 768w, https:\/\/www.institucional.europa.com.br\/blog\/wp-content\/uploads\/2021\/06\/Itanhaem-aerea-1536x1025.jpg 1536w, https:\/\/www.institucional.europa.com.br\/blog\/wp-content\/uploads\/2021\/06\/Itanhaem-aerea-600x400.jpg 600w, https:\/\/www.institucional.europa.com.br\/blog\/wp-content\/uploads\/2021\/06\/Itanhaem-aerea.jpg 1613w\" sizes=\"(max-width: 1024px) 100vw, 1024px\" \/><\/p>\n<p><span style=\"font-weight: 400;\">O ponto de encontro entre a praia e o rio Itanha\u00e9m \u00e9 a Praia do Tombo. Durante todo o ano \u00e9 poss\u00edvel observar a altera\u00e7\u00e3o do relevo neste local, causado pelo avan\u00e7o das correntes mar\u00edtimas<\/span><span style=\"font-weight: 400;\">.\u00a0<\/span><\/p>\n<p><span style=\"font-weight: 400;\">Assim<\/span><span style=\"font-weight: 400;\">, ao visitar o local, \u00e9 sempre bom ficar atento \u00e0s correntes fluviais, que retornam conforme a cheia da mar\u00e9. Eventualmente, \u00e9 poss\u00edvel <\/span><a href=\"https:\/\/www.youtube.com\/watch?v=YjepkjNTVy0\"><span style=\"font-weight: 400;\">observar o lindo espet\u00e1culo<\/span><\/a><span style=\"font-weight: 400;\"> do <\/span><span style=\"font-weight: 400;\">encontro das \u00e1guas<\/span><span style=\"font-weight: 400;\"> do mar avan\u00e7ando as \u00e1guas escuras do Rio Itanha\u00e9m.<\/span><\/p>\n<p><b>2-<\/b> <b>Praia de Pratagy &#8211; Macei\u00f3, AL<\/b><\/p>\n<p><img loading=\"lazy\" decoding=\"async\" class=\"alignnone wp-image-20101 size-full\" src=\"https:\/\/europa.com.br\/blog\/wp-content\/uploads\/2021\/06\/PRATAGY.jpg\" alt=\"\" width=\"1000\" height=\"670\" srcset=\"https:\/\/www.institucional.europa.com.br\/blog\/wp-content\/uploads\/2021\/06\/PRATAGY.jpg 1000w, https:\/\/www.institucional.europa.com.br\/blog\/wp-content\/uploads\/2021\/06\/PRATAGY-300x201.jpg 300w, https:\/\/www.institucional.europa.com.br\/blog\/wp-content\/uploads\/2021\/06\/PRATAGY-768x515.jpg 768w\" sizes=\"(max-width: 1000px) 100vw, 1000px\" \/><\/p>\n<p><span style=\"font-weight: 400;\">Essa praia apresenta uma vers\u00e3o mais selvagem do litoral norte, a 20 km de Macei\u00f3. Seu ponto alto \u00e9 o encontro do rio Meirim com o mar.\u00a0<\/span><\/p>\n<p><span style=\"font-weight: 400;\">Al\u00e9m do <\/span><span style=\"font-weight: 400;\">encontro das \u00e1guas<\/span><span style=\"font-weight: 400;\">, tamb\u00e9m \u00e9 poss\u00edvel aproveitar as <\/span><a href=\"https:\/\/europa.com.br\/blog\/5-incriveis-piscinas-naturais\/\"><span style=\"font-weight: 400;\">piscinas naturais<\/span><\/a><span style=\"font-weight: 400;\"> na temporada de mar\u00e9 baixa.<\/span> <span style=\"font-weight: 400;\">O mar tranquilo, <\/span><span style=\"font-weight: 400;\">assim como<\/span><span style=\"font-weight: 400;\"> um resort com \u00f3tima estrutura, fazem deste destino muito procurado pelas fam\u00edlias nas f\u00e9rias.<\/span><\/p>\n<p><b>3- Barra de Camaratuba &#8211; Mataraca, PB<\/b><\/p>\n<p><img loading=\"lazy\" decoding=\"async\" class=\"alignnone wp-image-20102 size-full\" src=\"https:\/\/europa.com.br\/blog\/wp-content\/uploads\/2021\/06\/RIO-CAMARATUBA-Paraiba.jpg\" alt=\"\" width=\"1008\" height=\"558\" srcset=\"https:\/\/www.institucional.europa.com.br\/blog\/wp-content\/uploads\/2021\/06\/RIO-CAMARATUBA-Paraiba.jpg 1008w, https:\/\/www.institucional.europa.com.br\/blog\/wp-content\/uploads\/2021\/06\/RIO-CAMARATUBA-Paraiba-300x166.jpg 300w, https:\/\/www.institucional.europa.com.br\/blog\/wp-content\/uploads\/2021\/06\/RIO-CAMARATUBA-Paraiba-768x425.jpg 768w\" sizes=\"(max-width: 1008px) 100vw, 1008px\" \/><\/p>\n<p><span style=\"font-weight: 400;\">O cen\u00e1rio desta praia fica num distrito com vasta \u00e1rea de mata Atl\u00e2ntica, praias desertas e\u00a0 contato com aldeias ind\u00edgenas. Ela \u00e9 conhecida por sua mar\u00e9 alta e \u201cbrava\u201d, recebendo muitos praticantes de surf e kitesurf.\u00a0<\/span><\/p>\n<p><span style=\"font-weight: 400;\">Por outro lado<\/span><span style=\"font-weight: 400;\">, outra grande atra\u00e7\u00e3o para os turistas \u00e9 quando a mar\u00e9 est\u00e1 baixa. A foz do Rio Camaratuba se encontra com o mar e \u00e9 poss\u00edvel cruzar a p\u00e9. <\/span><span style=\"font-weight: 400;\">Assim,<\/span><span style=\"font-weight: 400;\"> o acesso \u00e0s praias de reserva ind\u00edgena da regi\u00e3o fica livre e este novo cen\u00e1rio pode ser explorado.<\/span><\/p>\n<h2><b>4- Praia do Canto da Barra, Fortim, Cear\u00e1<\/b><\/h2>\n<p><img loading=\"lazy\" decoding=\"async\" class=\"alignnone wp-image-20097 size-full\" src=\"https:\/\/europa.com.br\/blog\/wp-content\/uploads\/2021\/06\/FORTIM_JAGUARIBE.jpg\" alt=\"\" width=\"1024\" height=\"597\" srcset=\"https:\/\/www.institucional.europa.com.br\/blog\/wp-content\/uploads\/2021\/06\/FORTIM_JAGUARIBE.jpg 1024w, https:\/\/www.institucional.europa.com.br\/blog\/wp-content\/uploads\/2021\/06\/FORTIM_JAGUARIBE-300x175.jpg 300w, https:\/\/www.institucional.europa.com.br\/blog\/wp-content\/uploads\/2021\/06\/FORTIM_JAGUARIBE-768x448.jpg 768w\" sizes=\"(max-width: 1024px) 100vw, 1024px\" \/><\/p>\n<p><span style=\"font-weight: 400;\">Na cidade do rio e do mar, \u00e9 poss\u00edvel escolher em qual \u00e1gua se banhar. Em Fortim, o Rio Jaguaribe e os ventos s\u00e3o marcos <\/span><span style=\"font-weight: 400;\">igualmente<\/span><span style=\"font-weight: 400;\"> importantes na regi\u00e3o.\u00a0<\/span><\/p>\n<p><span style=\"font-weight: 400;\">O rio, que j\u00e1 foi percorrido por aventureiros, hoje apresenta uma linda paisagem para os turistas. Com pouco mais de 600 quil\u00f4metros de extens\u00e3o, \u00e9 o maior, <\/span><span style=\"font-weight: 400;\">bem como<\/span><span style=\"font-weight: 400;\"> o mais importante rio do Cear\u00e1.\u00a0<\/span><\/p>\n<p><span style=\"font-weight: 400;\">Da sua foz, em Fortim, saem muitos passeios de barco, em que se pode apreciar o grandioso <\/span><span style=\"font-weight: 400;\">encontro das \u00e1guas.<\/span><span style=\"font-weight: 400;\">\u00a0<\/span><\/p>\n<p><b>5- Praia da Redinha &#8211; Natal, RN<\/b><\/p>\n<p><img loading=\"lazy\" decoding=\"async\" class=\"alignnone wp-image-20100 size-full\" src=\"https:\/\/europa.com.br\/blog\/wp-content\/uploads\/2021\/06\/POTENGI.jpg\" alt=\"\" width=\"800\" height=\"522\" srcset=\"https:\/\/www.institucional.europa.com.br\/blog\/wp-content\/uploads\/2021\/06\/POTENGI.jpg 800w, https:\/\/www.institucional.europa.com.br\/blog\/wp-content\/uploads\/2021\/06\/POTENGI-300x196.jpg 300w, https:\/\/www.institucional.europa.com.br\/blog\/wp-content\/uploads\/2021\/06\/POTENGI-768x501.jpg 768w\" sizes=\"(max-width: 800px) 100vw, 800px\" \/><\/p>\n<p><span style=\"font-weight: 400;\">Definitivamente,<\/span><span style=\"font-weight: 400;\"> a Praia da Redinha tem um charme especial. Nesta antiga vila de pescadores, a praia simples de mar calma abriga o encontro do Rio Potengi com o mar.\u00a0\u00a0<\/span><\/p>\n<p><span style=\"font-weight: 400;\">Ali, o<\/span><span style=\"font-weight: 400;\"> encontro das \u00e1guas <\/span><span style=\"font-weight: 400;\">\u00e9 emoldurado pelo Forte dos Reis Magos e a ponte Newton Navarro. <\/span><span style=\"font-weight: 400;\">Com um belo p\u00f4r do sol, esse pode ser um passeio muito rom\u00e2ntico.<\/span><\/p>\n<p><span style=\"font-weight: 400;\">Por outro lado<\/span><span style=\"font-weight: 400;\">, para os aventureiros, tamb\u00e9m \u00e9 poss\u00edvel mergulhar com tubar\u00f5es dentro do Aqu\u00e1rio de Natal, localizado na prainha.<\/span><\/p>\n<h2><b>6- C\u00e2nions do Velho Chico &#8211; Penedo<\/b><\/h2>\n<p><img loading=\"lazy\" decoding=\"async\" class=\"alignnone wp-image-20096 size-full\" src=\"https:\/\/europa.com.br\/blog\/wp-content\/uploads\/2021\/06\/CANION-SAO-FRANCISCO.jpeg\" alt=\"\" width=\"817\" height=\"613\" srcset=\"https:\/\/www.institucional.europa.com.br\/blog\/wp-content\/uploads\/2021\/06\/CANION-SAO-FRANCISCO.jpeg 817w, https:\/\/www.institucional.europa.com.br\/blog\/wp-content\/uploads\/2021\/06\/CANION-SAO-FRANCISCO-300x225.jpeg 300w, https:\/\/www.institucional.europa.com.br\/blog\/wp-content\/uploads\/2021\/06\/CANION-SAO-FRANCISCO-768x576.jpeg 768w\" sizes=\"(max-width: 817px) 100vw, 817px\" \/><\/p>\n<p><span style=\"font-weight: 400;\">\u00c0 primeira vista,<\/span><span style=\"font-weight: 400;\"> o rio carinhosamente apelidado de Velho Chico j\u00e1 encanta por si s\u00f3. Ele \u00e9 um dos principais e mais belos rios do Brasil, atravessando 5 estados e 521 munic\u00edpios.<\/span><\/p>\n<p><span style=\"font-weight: 400;\">O passeio pelo <\/span><span style=\"font-weight: 400;\">encontro das \u00e1guas<\/span><span style=\"font-weight: 400;\"> do Rio S\u00e3o Francisco com o mar de Alagoas \u00e9 apaixonante. Embora o encontro da \u00e1gua doce com a salgada n\u00e3o seja t\u00e3o aparente, a beleza \u00e9 \u00fanica.\u00a0<\/span><\/p>\n<p><span style=\"font-weight: 400;\">O passeio come\u00e7a no Velho Chico, saindo da cidade de Penedo. A viagem passa por casebres de ribeirinhos e cruza com muitas jangadas coloridas.\u00a0<\/span><\/p>\n<p><span style=\"font-weight: 400;\">Pouco a pouco<\/span><span style=\"font-weight: 400;\">, o rio vai ficando salgado e o mar ganha o gosto doce e a cor parda do rio. Na paisagem, serras e c\u00e2nions (pared\u00f5es de at\u00e9 80m de altura, esculpidos pela pr\u00f3pria natureza), coqueiros e imensas lagoas azuis.<\/span><\/p>\n","protected":false},"excerpt":{"rendered":"<p>Tema de document\u00e1rios e at\u00e9 de can\u00e7\u00f5es, o encontro das \u00e1guas \u00e9 um acontecimento natural muito especial! Mas, afinal, que \u00e1guas s\u00e3o essas que estamos falando? Esse fen\u00f4meno junta a \u00e1gua doce com a salgada, o verde do rio com o azul do mar. Para que isso aconte\u00e7a, s\u00e3o necess\u00e1rias algumas condi\u00e7\u00f5es geol\u00f3gicas, clim\u00e1ticas e at\u00e9 termais. No Brasil, existem alguns lugares em que podemos observar esse acontecimento. Vamos listar 6 pontos no nosso pa\u00eds para voc\u00ea conhecer o encontro das \u00e1guas. Antes de mais nada, vamos entender como e por que a \u00e1gua doce se mistura com a \u00e1gua salgada? Como acontece o encontro das \u00e1guas? Voc\u00ea j\u00e1 ouviu falar em estu\u00e1rios?\u00a0 Eles s\u00e3o uma zona de transi\u00e7\u00e3o entre o rio e o mar. O estu\u00e1rio \u00e9 um corpo de \u00e1gua costeira parcialmente fechado, onde a \u00e1gua salgada \u00e9 dilu\u00edda com \u00e1gua doce. Logo, eles s\u00e3o essenciais para o encontro das \u00e1guas. Ainda mais importantes que os limites geogr\u00e1ficos para definir esse ambiente s\u00e3o os limites de salinidade. A \u00e1gua doce, sendo mais leve que a salgada, tende a formar uma camada distinta. Essa camada flutua na superf\u00edcie do estu\u00e1rio.\u00a0 No limite entre as \u00e1guas, h\u00e1 uma certa quantidade [&hellip;]<\/p>\n","protected":false},"author":3,"featured_media":20098,"comment_status":"closed","ping_status":"closed","sticky":false,"template":"","format":"standard","meta":{"footnotes":""},"categories":[83,48],"tags":[],"yoast_head":"<!-- This site is optimized with the Yoast SEO plugin v21.7 - https:\/\/yoast.com\/wordpress\/plugins\/seo\/ -->\n<title>Encontro das \u00e1guas em 6 lugares incr\u00edveis do Brasil<\/title>\n<meta name=\"description\" content=\"Tema de document\u00e1rios e at\u00e9 de can\u00e7\u00f5es, o encontro das \u00e1guas \u00e9 um acontecimento natural muito especial! Conhe\u00e7a lugares incr\u00edveis.\" \/>\n<meta name=\"robots\" content=\"index, follow, max-snippet:-1, max-image-preview:large, max-video-preview:-1\" \/>\n<link rel=\"canonical\" href=\"https:\/\/www.institucional.europa.com.br\/blog\/encontro-das-aguas-rio-e-mar\/\" \/>\n<meta property=\"og:locale\" content=\"pt_BR\" \/>\n<meta property=\"og:type\" content=\"article\" \/>\n<meta property=\"og:title\" content=\"Encontro das \u00e1guas em 6 lugares incr\u00edveis do Brasil\" \/>\n<meta property=\"og:description\" content=\"Tema de document\u00e1rios e at\u00e9 de can\u00e7\u00f5es, o encontro das \u00e1guas \u00e9 um acontecimento natural muito especial! Conhe\u00e7a lugares incr\u00edveis.\" \/>\n<meta property=\"og:url\" content=\"https:\/\/www.institucional.europa.com.br\/blog\/encontro-das-aguas-rio-e-mar\/\" \/>\n<meta property=\"og:site_name\" content=\"Europa\" \/>\n<meta property=\"article:publisher\" content=\"https:\/\/www.facebook.com\/europapurificadores\" \/>\n<meta property=\"article:published_time\" content=\"2021-06-22T17:29:16+00:00\" \/>\n<meta property=\"article:modified_time\" content=\"2023-05-04T12:12:46+00:00\" \/>\n<meta property=\"og:image\" content=\"https:\/\/www.institucional.europa.com.br\/blog\/wp-content\/uploads\/2021\/06\/FOTO-DE-CAPA-4-e1670855757990.jpg\" \/>\n\t<meta property=\"og:image:width\" content=\"999\" \/>\n\t<meta property=\"og:image:height\" content=\"666\" \/>\n\t<meta property=\"og:image:type\" content=\"image\/jpeg\" \/>\n<meta name=\"author\" content=\"Andreo\" \/>\n<meta name=\"twitter:card\" content=\"summary_large_image\" \/>\n<meta name=\"twitter:label1\" content=\"Escrito por\" \/>\n\t<meta name=\"twitter:data1\" content=\"Andreo\" \/>\n\t<meta name=\"twitter:label2\" content=\"Est. tempo de leitura\" \/>\n\t<meta name=\"twitter:data2\" content=\"6 minutos\" \/>\n<script type=\"application\/ld+json\" class=\"yoast-schema-graph\">{\"@context\":\"https:\/\/schema.org\",\"@graph\":[{\"@type\":\"Article\",\"@id\":\"https:\/\/www.institucional.europa.com.br\/blog\/encontro-das-aguas-rio-e-mar\/#article\",\"isPartOf\":{\"@id\":\"https:\/\/www.institucional.europa.com.br\/blog\/encontro-das-aguas-rio-e-mar\/\"},\"author\":{\"name\":\"Andreo\",\"@id\":\"https:\/\/www.institucional.europa.com.br\/blog\/#\/schema\/person\/68b8a5946bf87d89a3c20f78f2519a18\"},\"headline\":\"Encontro das \u00e1guas em 6 lugares do Brasil!\",\"datePublished\":\"2021-06-22T17:29:16+00:00\",\"dateModified\":\"2023-05-04T12:12:46+00:00\",\"mainEntityOfPage\":{\"@id\":\"https:\/\/www.institucional.europa.com.br\/blog\/encontro-das-aguas-rio-e-mar\/\"},\"wordCount\":1065,\"publisher\":{\"@id\":\"https:\/\/www.institucional.europa.com.br\/blog\/#organization\"},\"articleSection\":[\"Sustentabilidade\",\"Todos\"],\"inLanguage\":\"pt-BR\"},{\"@type\":\"WebPage\",\"@id\":\"https:\/\/www.institucional.europa.com.br\/blog\/encontro-das-aguas-rio-e-mar\/\",\"url\":\"https:\/\/www.institucional.europa.com.br\/blog\/encontro-das-aguas-rio-e-mar\/\",\"name\":\"Encontro das \u00e1guas em 6 lugares incr\u00edveis do Brasil\",\"isPartOf\":{\"@id\":\"https:\/\/www.institucional.europa.com.br\/blog\/#website\"},\"datePublished\":\"2021-06-22T17:29:16+00:00\",\"dateModified\":\"2023-05-04T12:12:46+00:00\",\"description\":\"Tema de document\u00e1rios e at\u00e9 de can\u00e7\u00f5es, o encontro das \u00e1guas \u00e9 um acontecimento natural muito especial! Conhe\u00e7a lugares incr\u00edveis.\",\"breadcrumb\":{\"@id\":\"https:\/\/www.institucional.europa.com.br\/blog\/encontro-das-aguas-rio-e-mar\/#breadcrumb\"},\"inLanguage\":\"pt-BR\",\"potentialAction\":[{\"@type\":\"ReadAction\",\"target\":[\"https:\/\/www.institucional.europa.com.br\/blog\/encontro-das-aguas-rio-e-mar\/\"]}]},{\"@type\":\"BreadcrumbList\",\"@id\":\"https:\/\/www.institucional.europa.com.br\/blog\/encontro-das-aguas-rio-e-mar\/#breadcrumb\",\"itemListElement\":[{\"@type\":\"ListItem\",\"position\":1,\"name\":\"In\u00edcio\",\"item\":\"https:\/\/www.institucional.europa.com.br\/blog\/\"},{\"@type\":\"ListItem\",\"position\":2,\"name\":\"Encontro das \u00e1guas em 6 lugares do Brasil!\"}]},{\"@type\":\"WebSite\",\"@id\":\"https:\/\/www.institucional.europa.com.br\/blog\/#website\",\"url\":\"https:\/\/www.institucional.europa.com.br\/blog\/\",\"name\":\"Purificadores Europa\",\"description\":\"O mundo precisa de mais pureza\",\"publisher\":{\"@id\":\"https:\/\/www.institucional.europa.com.br\/blog\/#organization\"},\"potentialAction\":[{\"@type\":\"SearchAction\",\"target\":{\"@type\":\"EntryPoint\",\"urlTemplate\":\"https:\/\/www.institucional.europa.com.br\/blog\/?s={search_term_string}\"},\"query-input\":\"required name=search_term_string\"}],\"inLanguage\":\"pt-BR\"},{\"@type\":\"Organization\",\"@id\":\"https:\/\/www.institucional.europa.com.br\/blog\/#organization\",\"name\":\"Purificadores Europa\",\"url\":\"https:\/\/www.institucional.europa.com.br\/blog\/\",\"logo\":{\"@type\":\"ImageObject\",\"inLanguage\":\"pt-BR\",\"@id\":\"https:\/\/www.institucional.europa.com.br\/blog\/#\/schema\/logo\/image\/\",\"url\":\"https:\/\/europa.com.br\/blog\/wp-content\/uploads\/2018\/08\/logo.png\",\"contentUrl\":\"https:\/\/europa.com.br\/blog\/wp-content\/uploads\/2018\/08\/logo.png\",\"width\":200,\"height\":49,\"caption\":\"Purificadores Europa\"},\"image\":{\"@id\":\"https:\/\/www.institucional.europa.com.br\/blog\/#\/schema\/logo\/image\/\"},\"sameAs\":[\"https:\/\/www.facebook.com\/europapurificadores\",\"https:\/\/www.instagram.com\/purificadoreseuropa_oficial\/\",\"https:\/\/www.youtube.com\/channel\/UCp62KWK-tLexf61dOiO3ZaQ\"]},{\"@type\":\"Person\",\"@id\":\"https:\/\/www.institucional.europa.com.br\/blog\/#\/schema\/person\/68b8a5946bf87d89a3c20f78f2519a18\",\"name\":\"Andreo\"}]}<\/script>\n<!-- \/ Yoast SEO plugin. -->","yoast_head_json":{"title":"Encontro das \u00e1guas em 6 lugares incr\u00edveis do Brasil","description":"Tema de document\u00e1rios e at\u00e9 de can\u00e7\u00f5es, o encontro das \u00e1guas \u00e9 um acontecimento natural muito especial! Conhe\u00e7a lugares incr\u00edveis.","robots":{"index":"index","follow":"follow","max-snippet":"max-snippet:-1","max-image-preview":"max-image-preview:large","max-video-preview":"max-video-preview:-1"},"canonical":"https:\/\/www.institucional.europa.com.br\/blog\/encontro-das-aguas-rio-e-mar\/","og_locale":"pt_BR","og_type":"article","og_title":"Encontro das \u00e1guas em 6 lugares incr\u00edveis do Brasil","og_description":"Tema de document\u00e1rios e at\u00e9 de can\u00e7\u00f5es, o encontro das \u00e1guas \u00e9 um acontecimento natural muito especial! Conhe\u00e7a lugares incr\u00edveis.","og_url":"https:\/\/www.institucional.europa.com.br\/blog\/encontro-das-aguas-rio-e-mar\/","og_site_name":"Europa","article_publisher":"https:\/\/www.facebook.com\/europapurificadores","article_published_time":"2021-06-22T17:29:16+00:00","article_modified_time":"2023-05-04T12:12:46+00:00","og_image":[{"width":999,"height":666,"url":"https:\/\/www.institucional.europa.com.br\/blog\/wp-content\/uploads\/2021\/06\/FOTO-DE-CAPA-4-e1670855757990.jpg","type":"image\/jpeg"}],"author":"Andreo","twitter_card":"summary_large_image","twitter_misc":{"Escrito por":"Andreo","Est. tempo de leitura":"6 minutos"},"schema":{"@context":"https:\/\/schema.org","@graph":[{"@type":"Article","@id":"https:\/\/www.institucional.europa.com.br\/blog\/encontro-das-aguas-rio-e-mar\/#article","isPartOf":{"@id":"https:\/\/www.institucional.europa.com.br\/blog\/encontro-das-aguas-rio-e-mar\/"},"author":{"name":"Andreo","@id":"https:\/\/www.institucional.europa.com.br\/blog\/#\/schema\/person\/68b8a5946bf87d89a3c20f78f2519a18"},"headline":"Encontro das \u00e1guas em 6 lugares do Brasil!","datePublished":"2021-06-22T17:29:16+00:00","dateModified":"2023-05-04T12:12:46+00:00","mainEntityOfPage":{"@id":"https:\/\/www.institucional.europa.com.br\/blog\/encontro-das-aguas-rio-e-mar\/"},"wordCount":1065,"publisher":{"@id":"https:\/\/www.institucional.europa.com.br\/blog\/#organization"},"articleSection":["Sustentabilidade","Todos"],"inLanguage":"pt-BR"},{"@type":"WebPage","@id":"https:\/\/www.institucional.europa.com.br\/blog\/encontro-das-aguas-rio-e-mar\/","url":"https:\/\/www.institucional.europa.com.br\/blog\/encontro-das-aguas-rio-e-mar\/","name":"Encontro das \u00e1guas em 6 lugares incr\u00edveis do Brasil","isPartOf":{"@id":"https:\/\/www.institucional.europa.com.br\/blog\/#website"},"datePublished":"2021-06-22T17:29:16+00:00","dateModified":"2023-05-04T12:12:46+00:00","description":"Tema de document\u00e1rios e at\u00e9 de can\u00e7\u00f5es, o encontro das \u00e1guas \u00e9 um acontecimento natural muito especial! Conhe\u00e7a lugares incr\u00edveis.","breadcrumb":{"@id":"https:\/\/www.institucional.europa.com.br\/blog\/encontro-das-aguas-rio-e-mar\/#breadcrumb"},"inLanguage":"pt-BR","potentialAction":[{"@type":"ReadAction","target":["https:\/\/www.institucional.europa.com.br\/blog\/encontro-das-aguas-rio-e-mar\/"]}]},{"@type":"BreadcrumbList","@id":"https:\/\/www.institucional.europa.com.br\/blog\/encontro-das-aguas-rio-e-mar\/#breadcrumb","itemListElement":[{"@type":"ListItem","position":1,"name":"In\u00edcio","item":"https:\/\/www.institucional.europa.com.br\/blog\/"},{"@type":"ListItem","position":2,"name":"Encontro das \u00e1guas em 6 lugares do Brasil!"}]},{"@type":"WebSite","@id":"https:\/\/www.institucional.europa.com.br\/blog\/#website","url":"https:\/\/www.institucional.europa.com.br\/blog\/","name":"Purificadores Europa","description":"O mundo precisa de mais pureza","publisher":{"@id":"https:\/\/www.institucional.europa.com.br\/blog\/#organization"},"potentialAction":[{"@type":"SearchAction","target":{"@type":"EntryPoint","urlTemplate":"https:\/\/www.institucional.europa.com.br\/blog\/?s={search_term_string}"},"query-input":"required name=search_term_string"}],"inLanguage":"pt-BR"},{"@type":"Organization","@id":"https:\/\/www.institucional.europa.com.br\/blog\/#organization","name":"Purificadores Europa","url":"https:\/\/www.institucional.europa.com.br\/blog\/","logo":{"@type":"ImageObject","inLanguage":"pt-BR","@id":"https:\/\/www.institucional.europa.com.br\/blog\/#\/schema\/logo\/image\/","url":"https:\/\/europa.com.br\/blog\/wp-content\/uploads\/2018\/08\/logo.png","contentUrl":"https:\/\/europa.com.br\/blog\/wp-content\/uploads\/2018\/08\/logo.png","width":200,"height":49,"caption":"Purificadores Europa"},"image":{"@id":"https:\/\/www.institucional.europa.com.br\/blog\/#\/schema\/logo\/image\/"},"sameAs":["https:\/\/www.facebook.com\/europapurificadores","https:\/\/www.instagram.com\/purificadoreseuropa_oficial\/","https:\/\/www.youtube.com\/channel\/UCp62KWK-tLexf61dOiO3ZaQ"]},{"@type":"Person","@id":"https:\/\/www.institucional.europa.com.br\/blog\/#\/schema\/person\/68b8a5946bf87d89a3c20f78f2519a18","name":"Andreo"}]}},"_links":{"self":[{"href":"https:\/\/www.institucional.europa.com.br\/blog\/wp-json\/wp\/v2\/posts\/20095"}],"collection":[{"href":"https:\/\/www.institucional.europa.com.br\/blog\/wp-json\/wp\/v2\/posts"}],"about":[{"href":"https:\/\/www.institucional.europa.com.br\/blog\/wp-json\/wp\/v2\/types\/post"}],"author":[{"embeddable":true,"href":"https:\/\/www.institucional.europa.com.br\/blog\/wp-json\/wp\/v2\/users\/3"}],"replies":[{"embeddable":true,"href":"https:\/\/www.institucional.europa.com.br\/blog\/wp-json\/wp\/v2\/comments?post=20095"}],"version-history":[{"count":0,"href":"https:\/\/www.institucional.europa.com.br\/blog\/wp-json\/wp\/v2\/posts\/20095\/revisions"}],"wp:featuredmedia":[{"embeddable":true,"href":"https:\/\/www.institucional.europa.com.br\/blog\/wp-json\/wp\/v2\/media\/20098"}],"wp:attachment":[{"href":"https:\/\/www.institucional.europa.com.br\/blog\/wp-json\/wp\/v2\/media?parent=20095"}],"wp:term":[{"taxonomy":"category","embeddable":true,"href":"https:\/\/www.institucional.europa.com.br\/blog\/wp-json\/wp\/v2\/categories?post=20095"},{"taxonomy":"post_tag","embeddable":true,"href":"https:\/\/www.institucional.europa.com.br\/blog\/wp-json\/wp\/v2\/tags?post=20095"}],"curies":[{"name":"wp","href":"https:\/\/api.w.org\/{rel}","templated":true}]}}