{"id":19872,"date":"2020-12-09T18:01:04","date_gmt":"2020-12-09T21:01:04","guid":{"rendered":"https:\/\/europa.com.br\/blog\/?p=19872"},"modified":"2023-05-22T12:06:25","modified_gmt":"2023-05-22T15:06:25","slug":"sustentabilidade-empresarial","status":"publish","type":"post","link":"https:\/\/www.institucional.europa.com.br\/blog\/sustentabilidade-empresarial\/","title":{"rendered":"Sustentabilidade empresarial s\u00f3 traz benef\u00edcios."},"content":{"rendered":"<p><span style=\"font-weight: 400;\">A <\/span><span style=\"font-weight: 400;\">sustentabilidade empresarial <\/span><span style=\"font-weight: 400;\">j\u00e1 \u00e9 uma realidade e vai al\u00e9m de escolher preservar o meio ambiente. <\/span><span style=\"font-weight: 400;\">Juntamente com<\/span><span style=\"font-weight: 400;\"> o compromisso de cuidar do meio ambiente, \u00e9 preciso incentivar os colaboradores a fazer o mesmo e mudar seu sistema de gest\u00e3o.\u00a0<\/span><\/p>\n<p><span style=\"font-weight: 400;\">Aliar lucratividade com o bem-estar (de colaboradores e consumidores), <\/span><span style=\"font-weight: 400;\">bem como<\/span><span style=\"font-weight: 400;\"> o uso consciente do recursos naturais \u00e9 igualmente necess\u00e1rio.\u00a0<\/span><\/p>\n<p><span style=\"font-weight: 400;\">A sustentabilidade pode ser um caminho para a <\/span><a href=\"https:\/\/europa.com.br\/blog\/reduzir-custos-na-empresa\/\"><span style=\"font-weight: 400;\">redu\u00e7\u00e3o de custos<\/span><\/a><span style=\"font-weight: 400;\"> e tamb\u00e9m para o fortalecimento da marca. Fique atento para descobrir os benef\u00edcios de se tornar uma empresa sustent\u00e1vel..<\/span><\/p>\n<h2><b>Mudan\u00e7a necess\u00e1ria<\/b><\/h2>\n<p><span style=\"font-weight: 400;\">Se a escolha pela <\/span><span style=\"font-weight: 400;\">sustentabilidade empresarial<\/span><span style=\"font-weight: 400;\"> visa a vantagem competitiva ou n\u00e3o, o resultado \u00e9 positivo para o meio ambiente. O impacto ambiental provocado pela a\u00e7\u00e3o industrial, <\/span><span style=\"font-weight: 400;\">bem como<\/span><span style=\"font-weight: 400;\"> a busca por a\u00e7\u00f5es preventivas \u00e9 uma quest\u00e3o recorrente.<\/span><\/p>\n<p><span style=\"font-weight: 400;\">A mudan\u00e7a de atitude \u00e9 necess\u00e1ria para ambos os lados do mercado. As empresas procuram por solu\u00e7\u00f5es sustent\u00e1veis enquanto os consumidores ficam cada vez mais exigentes.\u00a0<\/span><\/p>\n<p><span style=\"font-weight: 400;\">De acordo com<\/span><span style=\"font-weight: 400;\"> uma pesquisa do Sebrae, est\u00e1 faltando informa\u00e7\u00e3o para os empreendedores mudarem de atitude. A pesquisa revelou que<\/span><a href=\"https:\/\/www.sebrae.com.br\/sites\/PortalSebrae\/artigos\/praticas-sustentaveis-viram-vantagens-para-empresas-e-meio-ambiente,5adaa7deccc0c510VgnVCM1000004c00210aRCRD\"><span style=\"font-weight: 400;\"> 18,3% dos empres\u00e1rios acreditam que a falta de informa\u00e7\u00f5es sobre sustentabilidade \u00e9 a principal barreira<\/span><\/a><span style=\"font-weight: 400;\">. <\/span><span style=\"font-weight: 400;\">Logo depois<\/span><span style=\"font-weight: 400;\">, est\u00e3o a dificuldade em encontrar parceiros para coopera\u00e7\u00e3o (16,6%) e o pre\u00e7o a pagar para adotar a\u00e7\u00f5es (11,2%).<\/span><\/p>\n<h2><b>Por que adotar a <\/b><b>sustentabilidade empresarial?<\/b><\/h2>\n<h4><span style=\"font-weight: 400;\">Existem muitos bons motivos para se tornar sustent\u00e1vel, mas vamos apresentar aqui apenas 3 grandes benef\u00edcios para a sua empresa.<\/span><\/h4>\n<h3><b>1. Engajamento dos colaboradores<\/b><\/h3>\n<h3><img loading=\"lazy\" decoding=\"async\" class=\"alignnone wp-image-19874 size-full\" src=\"https:\/\/europa.com.br\/blog\/wp-content\/uploads\/2020\/12\/Foto_arvore_mao.jpg\" alt=\"Sustentabilidade empresarial\" width=\"1000\" height=\"1000\" srcset=\"https:\/\/www.institucional.europa.com.br\/blog\/wp-content\/uploads\/2020\/12\/Foto_arvore_mao.jpg 1000w, https:\/\/www.institucional.europa.com.br\/blog\/wp-content\/uploads\/2020\/12\/Foto_arvore_mao-300x300.jpg 300w, https:\/\/www.institucional.europa.com.br\/blog\/wp-content\/uploads\/2020\/12\/Foto_arvore_mao-150x150.jpg 150w, https:\/\/www.institucional.europa.com.br\/blog\/wp-content\/uploads\/2020\/12\/Foto_arvore_mao-768x768.jpg 768w, https:\/\/www.institucional.europa.com.br\/blog\/wp-content\/uploads\/2020\/12\/Foto_arvore_mao-80x80.jpg 80w, https:\/\/www.institucional.europa.com.br\/blog\/wp-content\/uploads\/2020\/12\/Foto_arvore_mao-500x500.jpg 500w\" sizes=\"(max-width: 1000px) 100vw, 1000px\" \/><\/h3>\n<p><span style=\"font-weight: 400;\">Os colaboradores s\u00e3o o maior ativo das empresas. Em outro texto, discutimos sobre a import\u00e2ncia de ter<\/span><span style=\"font-weight: 400;\"> colaboradores engajados para melhorar a sua produtividade<\/span><span style=\"font-weight: 400;\">. Logo, \u00e9 essencial que eles estejam satisfeitos e que acreditem no que fazem.\u00a0<\/span><\/p>\n<p><span style=\"font-weight: 400;\">Da mesma forma<\/span><span style=\"font-weight: 400;\">, precisam\u00a0 sentir que seu trabalho faz parte de algo maior e que eles podem ter um impacto melhor na sociedade. A <\/span><span style=\"font-weight: 400;\">sustentabilidade empresarial<\/span><span style=\"font-weight: 400;\"> pode trazer isso para a sua equipe.<\/span><\/p>\n<p><b>2. Economia<\/b><\/p>\n<p><span style=\"font-weight: 400;\">Existe uma ideia de que ser sustent\u00e1vel \u00e9 sempre a escolha mais cara. Por\u00e9m, isso n\u00e3o \u00e9 uma necessariamente uma verdade. Talvez a\u00a0 <\/span><a href=\"https:\/\/europa.com.br\/blog\/copos-biodegradaveis-como-sao-feitos\/\"><span style=\"font-weight: 400;\">compra de x\u00edcaras e copos dur\u00e1veis<\/span><\/a><span style=\"font-weight: 400;\"> n\u00e3o saia t\u00e3o barata quanto a de copos descart\u00e1veis no curto prazo.\u00a0<\/span><\/p>\n<p><span style=\"font-weight: 400;\">P<\/span><span style=\"font-weight: 400;\">or outro lado,<\/span><span style=\"font-weight: 400;\"> \u00e9 um investimento \u00e0 longo prazo. <\/span><span style=\"font-weight: 400;\">Afinal,<\/span><span style=\"font-weight: 400;\"> investir em pr\u00e1ticas sustent\u00e1veis altera a cultura organizacional e motiva os funcion\u00e1rios a desperdi\u00e7arem menos.<\/span><\/p>\n<p><span style=\"font-weight: 400;\">Adotar a<\/span><span style=\"font-weight: 400;\"> sustentabilidade empresarial<\/span><span style=\"font-weight: 400;\"> tamb\u00e9m pode garantir <\/span><a href=\"https:\/\/www12.senado.leg.br\/noticias\/materias\/2018\/03\/20\/senado-aprova-incentivo-a-construcoes-ambientalmente-sustentaveis\"><span style=\"font-weight: 400;\">benef\u00edcios fiscais<\/span><\/a><span style=\"font-weight: 400;\"> para a sua empresa.<\/span><\/p>\n<h3><b>3. Sustentabilidade empresarial e retorno para a sociedade<\/b><\/h3>\n<p><span style=\"font-weight: 400;\">A preserva\u00e7\u00e3o do meio ambiente est\u00e1 ligada diretamente \u00e0 nossa qualidade de vida e \u00e0 continua\u00e7\u00e3o da nossa esp\u00e9cie.<\/span><\/p>\n<p><span style=\"font-weight: 400;\">As empresas desempenham um papel de destaque no esfor\u00e7o em conservar o planeta. Ao economizar em seus processos de extra\u00e7\u00e3o e produ\u00e7\u00e3o, os benef\u00edcios gerados no meio ambiente impactam <\/span><span style=\"font-weight: 400;\">igualmente<\/span><span style=\"font-weight: 400;\"> a popula\u00e7\u00e3o.\u00a0<\/span><\/p>\n<p><span style=\"font-weight: 400;\">Se uma empresa utiliza formas de produ\u00e7\u00e3o pouco poluentes, ela pode entregar melhoria na qualidade do ar para a popula\u00e7\u00e3o. <\/span><span style=\"font-weight: 400;\">Assim tamb\u00e9m<\/span><span style=\"font-weight: 400;\"> acontece quando h\u00e1 redu\u00e7\u00e3o na demanda energ\u00e9tica e no uso de descart\u00e1veis.<\/span><\/p>\n<p><span style=\"font-weight: 400;\">Definitivamente<\/span><span style=\"font-weight: 400;\">, adotar a <\/span><span style=\"font-weight: 400;\">sustentabilidade empresarial<\/span><span style=\"font-weight: 400;\"> s\u00f3 traz benef\u00edcios. Para os colaboradores, para os consumidores e para o meio ambiente. E voc\u00ea, considera a sua empresa sustent\u00e1vel?<\/span><\/p>\n<p>&nbsp;<\/p>\n<h3><strong>Receba dicas exclusivas para a sua empresa\u00a0<\/strong><\/h3>\n<p><strong>**<\/strong> N\u00e3o se preocupe! N\u00e3o enviaremos spam.<\/p>\n<p>[contact-form-7 id=&#8221;20053&#8243; title=&#8221;Newsletter b2b&#8221;]<\/p>\n","protected":false},"excerpt":{"rendered":"<p>A sustentabilidade empresarial j\u00e1 \u00e9 uma realidade e vai al\u00e9m de escolher preservar o meio ambiente. Juntamente com o compromisso de cuidar do meio ambiente, \u00e9 preciso incentivar os colaboradores a fazer o mesmo e mudar seu sistema de gest\u00e3o.\u00a0 Aliar lucratividade com o bem-estar (de colaboradores e consumidores), bem como o uso consciente do recursos naturais \u00e9 igualmente necess\u00e1rio.\u00a0 A sustentabilidade pode ser um caminho para a redu\u00e7\u00e3o de custos e tamb\u00e9m para o fortalecimento da marca. Fique atento para descobrir os benef\u00edcios de se tornar uma empresa sustent\u00e1vel.. Mudan\u00e7a necess\u00e1ria Se a escolha pela sustentabilidade empresarial visa a vantagem competitiva ou n\u00e3o, o resultado \u00e9 positivo para o meio ambiente. O impacto ambiental provocado pela a\u00e7\u00e3o industrial, bem como a busca por a\u00e7\u00f5es preventivas \u00e9 uma quest\u00e3o recorrente. A mudan\u00e7a de atitude \u00e9 necess\u00e1ria para ambos os lados do mercado. As empresas procuram por solu\u00e7\u00f5es sustent\u00e1veis enquanto os consumidores ficam cada vez mais exigentes.\u00a0 De acordo com uma pesquisa do Sebrae, est\u00e1 faltando informa\u00e7\u00e3o para os empreendedores mudarem de atitude. A pesquisa revelou que 18,3% dos empres\u00e1rios acreditam que a falta de informa\u00e7\u00f5es sobre sustentabilidade \u00e9 a principal barreira. Logo depois, est\u00e3o a dificuldade em encontrar parceiros para [&hellip;]<\/p>\n","protected":false},"author":3,"featured_media":19873,"comment_status":"closed","ping_status":"closed","sticky":false,"template":"","format":"standard","meta":{"footnotes":""},"categories":[50,83,48],"tags":[],"yoast_head":"<!-- This site is optimized with the Yoast SEO plugin v21.7 - https:\/\/yoast.com\/wordpress\/plugins\/seo\/ -->\n<title>Descubra como a sustentabilidade empresarial pode gerar benef\u00edcios<\/title>\n<meta name=\"description\" content=\"A sustentabilidade empresarial j\u00e1 \u00e9 uma realidade e vai al\u00e9m de escolher preservar o meio ambiente. Descubra como essa pr\u00e1tica gera benef\u00edcios\" \/>\n<meta name=\"robots\" content=\"index, follow, max-snippet:-1, max-image-preview:large, max-video-preview:-1\" \/>\n<link rel=\"canonical\" href=\"https:\/\/www.institucional.europa.com.br\/blog\/sustentabilidade-empresarial\/\" \/>\n<meta property=\"og:locale\" content=\"pt_BR\" \/>\n<meta property=\"og:type\" content=\"article\" \/>\n<meta property=\"og:title\" content=\"Descubra como a sustentabilidade empresarial pode gerar benef\u00edcios\" \/>\n<meta property=\"og:description\" content=\"A sustentabilidade empresarial j\u00e1 \u00e9 uma realidade e vai al\u00e9m de escolher preservar o meio ambiente. Descubra como essa pr\u00e1tica gera benef\u00edcios\" \/>\n<meta property=\"og:url\" content=\"https:\/\/www.institucional.europa.com.br\/blog\/sustentabilidade-empresarial\/\" \/>\n<meta property=\"og:site_name\" content=\"Europa\" \/>\n<meta property=\"article:publisher\" content=\"https:\/\/www.facebook.com\/europapurificadores\" \/>\n<meta property=\"article:published_time\" content=\"2020-12-09T21:01:04+00:00\" \/>\n<meta property=\"article:modified_time\" content=\"2023-05-22T15:06:25+00:00\" \/>\n<meta property=\"og:image\" content=\"https:\/\/www.institucional.europa.com.br\/blog\/wp-content\/uploads\/2020\/12\/Foto-de-capa_Sustentabilidade-e1671022037965.jpg\" \/>\n\t<meta property=\"og:image:width\" content=\"2000\" \/>\n\t<meta property=\"og:image:height\" content=\"1335\" \/>\n\t<meta property=\"og:image:type\" content=\"image\/jpeg\" \/>\n<meta name=\"author\" content=\"Andreo\" \/>\n<meta name=\"twitter:card\" content=\"summary_large_image\" \/>\n<meta name=\"twitter:label1\" content=\"Escrito por\" \/>\n\t<meta name=\"twitter:data1\" content=\"Andreo\" \/>\n\t<meta name=\"twitter:label2\" content=\"Est. tempo de leitura\" \/>\n\t<meta name=\"twitter:data2\" content=\"3 minutos\" \/>\n<script type=\"application\/ld+json\" class=\"yoast-schema-graph\">{\"@context\":\"https:\/\/schema.org\",\"@graph\":[{\"@type\":\"Article\",\"@id\":\"https:\/\/www.institucional.europa.com.br\/blog\/sustentabilidade-empresarial\/#article\",\"isPartOf\":{\"@id\":\"https:\/\/www.institucional.europa.com.br\/blog\/sustentabilidade-empresarial\/\"},\"author\":{\"name\":\"Andreo\",\"@id\":\"https:\/\/www.institucional.europa.com.br\/blog\/#\/schema\/person\/68b8a5946bf87d89a3c20f78f2519a18\"},\"headline\":\"Sustentabilidade empresarial s\u00f3 traz benef\u00edcios.\",\"datePublished\":\"2020-12-09T21:01:04+00:00\",\"dateModified\":\"2023-05-22T15:06:25+00:00\",\"mainEntityOfPage\":{\"@id\":\"https:\/\/www.institucional.europa.com.br\/blog\/sustentabilidade-empresarial\/\"},\"wordCount\":577,\"publisher\":{\"@id\":\"https:\/\/www.institucional.europa.com.br\/blog\/#organization\"},\"articleSection\":[\"Europa Empresas\",\"Sustentabilidade\",\"Todos\"],\"inLanguage\":\"pt-BR\"},{\"@type\":\"WebPage\",\"@id\":\"https:\/\/www.institucional.europa.com.br\/blog\/sustentabilidade-empresarial\/\",\"url\":\"https:\/\/www.institucional.europa.com.br\/blog\/sustentabilidade-empresarial\/\",\"name\":\"Descubra como a sustentabilidade empresarial pode gerar benef\u00edcios\",\"isPartOf\":{\"@id\":\"https:\/\/www.institucional.europa.com.br\/blog\/#website\"},\"datePublished\":\"2020-12-09T21:01:04+00:00\",\"dateModified\":\"2023-05-22T15:06:25+00:00\",\"description\":\"A sustentabilidade empresarial j\u00e1 \u00e9 uma realidade e vai al\u00e9m de escolher preservar o meio ambiente. Descubra como essa pr\u00e1tica gera benef\u00edcios\",\"breadcrumb\":{\"@id\":\"https:\/\/www.institucional.europa.com.br\/blog\/sustentabilidade-empresarial\/#breadcrumb\"},\"inLanguage\":\"pt-BR\",\"potentialAction\":[{\"@type\":\"ReadAction\",\"target\":[\"https:\/\/www.institucional.europa.com.br\/blog\/sustentabilidade-empresarial\/\"]}]},{\"@type\":\"BreadcrumbList\",\"@id\":\"https:\/\/www.institucional.europa.com.br\/blog\/sustentabilidade-empresarial\/#breadcrumb\",\"itemListElement\":[{\"@type\":\"ListItem\",\"position\":1,\"name\":\"In\u00edcio\",\"item\":\"https:\/\/www.institucional.europa.com.br\/blog\/\"},{\"@type\":\"ListItem\",\"position\":2,\"name\":\"Sustentabilidade empresarial s\u00f3 traz benef\u00edcios.\"}]},{\"@type\":\"WebSite\",\"@id\":\"https:\/\/www.institucional.europa.com.br\/blog\/#website\",\"url\":\"https:\/\/www.institucional.europa.com.br\/blog\/\",\"name\":\"Purificadores Europa\",\"description\":\"O mundo precisa de mais pureza\",\"publisher\":{\"@id\":\"https:\/\/www.institucional.europa.com.br\/blog\/#organization\"},\"potentialAction\":[{\"@type\":\"SearchAction\",\"target\":{\"@type\":\"EntryPoint\",\"urlTemplate\":\"https:\/\/www.institucional.europa.com.br\/blog\/?s={search_term_string}\"},\"query-input\":\"required name=search_term_string\"}],\"inLanguage\":\"pt-BR\"},{\"@type\":\"Organization\",\"@id\":\"https:\/\/www.institucional.europa.com.br\/blog\/#organization\",\"name\":\"Purificadores Europa\",\"url\":\"https:\/\/www.institucional.europa.com.br\/blog\/\",\"logo\":{\"@type\":\"ImageObject\",\"inLanguage\":\"pt-BR\",\"@id\":\"https:\/\/www.institucional.europa.com.br\/blog\/#\/schema\/logo\/image\/\",\"url\":\"https:\/\/europa.com.br\/blog\/wp-content\/uploads\/2018\/08\/logo.png\",\"contentUrl\":\"https:\/\/europa.com.br\/blog\/wp-content\/uploads\/2018\/08\/logo.png\",\"width\":200,\"height\":49,\"caption\":\"Purificadores Europa\"},\"image\":{\"@id\":\"https:\/\/www.institucional.europa.com.br\/blog\/#\/schema\/logo\/image\/\"},\"sameAs\":[\"https:\/\/www.facebook.com\/europapurificadores\",\"https:\/\/www.instagram.com\/purificadoreseuropa_oficial\/\",\"https:\/\/www.youtube.com\/channel\/UCp62KWK-tLexf61dOiO3ZaQ\"]},{\"@type\":\"Person\",\"@id\":\"https:\/\/www.institucional.europa.com.br\/blog\/#\/schema\/person\/68b8a5946bf87d89a3c20f78f2519a18\",\"name\":\"Andreo\"}]}<\/script>\n<!-- \/ Yoast SEO plugin. -->","yoast_head_json":{"title":"Descubra como a sustentabilidade empresarial pode gerar benef\u00edcios","description":"A sustentabilidade empresarial j\u00e1 \u00e9 uma realidade e vai al\u00e9m de escolher preservar o meio ambiente. Descubra como essa pr\u00e1tica gera benef\u00edcios","robots":{"index":"index","follow":"follow","max-snippet":"max-snippet:-1","max-image-preview":"max-image-preview:large","max-video-preview":"max-video-preview:-1"},"canonical":"https:\/\/www.institucional.europa.com.br\/blog\/sustentabilidade-empresarial\/","og_locale":"pt_BR","og_type":"article","og_title":"Descubra como a sustentabilidade empresarial pode gerar benef\u00edcios","og_description":"A sustentabilidade empresarial j\u00e1 \u00e9 uma realidade e vai al\u00e9m de escolher preservar o meio ambiente. Descubra como essa pr\u00e1tica gera benef\u00edcios","og_url":"https:\/\/www.institucional.europa.com.br\/blog\/sustentabilidade-empresarial\/","og_site_name":"Europa","article_publisher":"https:\/\/www.facebook.com\/europapurificadores","article_published_time":"2020-12-09T21:01:04+00:00","article_modified_time":"2023-05-22T15:06:25+00:00","og_image":[{"width":2000,"height":1335,"url":"https:\/\/www.institucional.europa.com.br\/blog\/wp-content\/uploads\/2020\/12\/Foto-de-capa_Sustentabilidade-e1671022037965.jpg","type":"image\/jpeg"}],"author":"Andreo","twitter_card":"summary_large_image","twitter_misc":{"Escrito por":"Andreo","Est. tempo de leitura":"3 minutos"},"schema":{"@context":"https:\/\/schema.org","@graph":[{"@type":"Article","@id":"https:\/\/www.institucional.europa.com.br\/blog\/sustentabilidade-empresarial\/#article","isPartOf":{"@id":"https:\/\/www.institucional.europa.com.br\/blog\/sustentabilidade-empresarial\/"},"author":{"name":"Andreo","@id":"https:\/\/www.institucional.europa.com.br\/blog\/#\/schema\/person\/68b8a5946bf87d89a3c20f78f2519a18"},"headline":"Sustentabilidade empresarial s\u00f3 traz benef\u00edcios.","datePublished":"2020-12-09T21:01:04+00:00","dateModified":"2023-05-22T15:06:25+00:00","mainEntityOfPage":{"@id":"https:\/\/www.institucional.europa.com.br\/blog\/sustentabilidade-empresarial\/"},"wordCount":577,"publisher":{"@id":"https:\/\/www.institucional.europa.com.br\/blog\/#organization"},"articleSection":["Europa Empresas","Sustentabilidade","Todos"],"inLanguage":"pt-BR"},{"@type":"WebPage","@id":"https:\/\/www.institucional.europa.com.br\/blog\/sustentabilidade-empresarial\/","url":"https:\/\/www.institucional.europa.com.br\/blog\/sustentabilidade-empresarial\/","name":"Descubra como a sustentabilidade empresarial pode gerar benef\u00edcios","isPartOf":{"@id":"https:\/\/www.institucional.europa.com.br\/blog\/#website"},"datePublished":"2020-12-09T21:01:04+00:00","dateModified":"2023-05-22T15:06:25+00:00","description":"A sustentabilidade empresarial j\u00e1 \u00e9 uma realidade e vai al\u00e9m de escolher preservar o meio ambiente. Descubra como essa pr\u00e1tica gera benef\u00edcios","breadcrumb":{"@id":"https:\/\/www.institucional.europa.com.br\/blog\/sustentabilidade-empresarial\/#breadcrumb"},"inLanguage":"pt-BR","potentialAction":[{"@type":"ReadAction","target":["https:\/\/www.institucional.europa.com.br\/blog\/sustentabilidade-empresarial\/"]}]},{"@type":"BreadcrumbList","@id":"https:\/\/www.institucional.europa.com.br\/blog\/sustentabilidade-empresarial\/#breadcrumb","itemListElement":[{"@type":"ListItem","position":1,"name":"In\u00edcio","item":"https:\/\/www.institucional.europa.com.br\/blog\/"},{"@type":"ListItem","position":2,"name":"Sustentabilidade empresarial s\u00f3 traz benef\u00edcios."}]},{"@type":"WebSite","@id":"https:\/\/www.institucional.europa.com.br\/blog\/#website","url":"https:\/\/www.institucional.europa.com.br\/blog\/","name":"Purificadores Europa","description":"O mundo precisa de mais pureza","publisher":{"@id":"https:\/\/www.institucional.europa.com.br\/blog\/#organization"},"potentialAction":[{"@type":"SearchAction","target":{"@type":"EntryPoint","urlTemplate":"https:\/\/www.institucional.europa.com.br\/blog\/?s={search_term_string}"},"query-input":"required name=search_term_string"}],"inLanguage":"pt-BR"},{"@type":"Organization","@id":"https:\/\/www.institucional.europa.com.br\/blog\/#organization","name":"Purificadores Europa","url":"https:\/\/www.institucional.europa.com.br\/blog\/","logo":{"@type":"ImageObject","inLanguage":"pt-BR","@id":"https:\/\/www.institucional.europa.com.br\/blog\/#\/schema\/logo\/image\/","url":"https:\/\/europa.com.br\/blog\/wp-content\/uploads\/2018\/08\/logo.png","contentUrl":"https:\/\/europa.com.br\/blog\/wp-content\/uploads\/2018\/08\/logo.png","width":200,"height":49,"caption":"Purificadores Europa"},"image":{"@id":"https:\/\/www.institucional.europa.com.br\/blog\/#\/schema\/logo\/image\/"},"sameAs":["https:\/\/www.facebook.com\/europapurificadores","https:\/\/www.instagram.com\/purificadoreseuropa_oficial\/","https:\/\/www.youtube.com\/channel\/UCp62KWK-tLexf61dOiO3ZaQ"]},{"@type":"Person","@id":"https:\/\/www.institucional.europa.com.br\/blog\/#\/schema\/person\/68b8a5946bf87d89a3c20f78f2519a18","name":"Andreo"}]}},"_links":{"self":[{"href":"https:\/\/www.institucional.europa.com.br\/blog\/wp-json\/wp\/v2\/posts\/19872"}],"collection":[{"href":"https:\/\/www.institucional.europa.com.br\/blog\/wp-json\/wp\/v2\/posts"}],"about":[{"href":"https:\/\/www.institucional.europa.com.br\/blog\/wp-json\/wp\/v2\/types\/post"}],"author":[{"embeddable":true,"href":"https:\/\/www.institucional.europa.com.br\/blog\/wp-json\/wp\/v2\/users\/3"}],"replies":[{"embeddable":true,"href":"https:\/\/www.institucional.europa.com.br\/blog\/wp-json\/wp\/v2\/comments?post=19872"}],"version-history":[{"count":0,"href":"https:\/\/www.institucional.europa.com.br\/blog\/wp-json\/wp\/v2\/posts\/19872\/revisions"}],"wp:featuredmedia":[{"embeddable":true,"href":"https:\/\/www.institucional.europa.com.br\/blog\/wp-json\/wp\/v2\/media\/19873"}],"wp:attachment":[{"href":"https:\/\/www.institucional.europa.com.br\/blog\/wp-json\/wp\/v2\/media?parent=19872"}],"wp:term":[{"taxonomy":"category","embeddable":true,"href":"https:\/\/www.institucional.europa.com.br\/blog\/wp-json\/wp\/v2\/categories?post=19872"},{"taxonomy":"post_tag","embeddable":true,"href":"https:\/\/www.institucional.europa.com.br\/blog\/wp-json\/wp\/v2\/tags?post=19872"}],"curies":[{"name":"wp","href":"https:\/\/api.w.org\/{rel}","templated":true}]}}