{"id":18473,"date":"2016-05-16T17:09:44","date_gmt":"2016-05-16T20:09:44","guid":{"rendered":"https:\/\/europa.com.br\/?p=18473"},"modified":"2020-07-23T13:54:26","modified_gmt":"2020-07-23T16:54:26","slug":"esportes-aquaticos-paraolimpicos","status":"publish","type":"post","link":"https:\/\/www.institucional.europa.com.br\/blog\/esportes-aquaticos-paraolimpicos\/","title":{"rendered":"Esportes aqu\u00e1ticos nos Jogos Paraol\u00edmpicos de 2016"},"content":{"rendered":"<h2>Jogos Paral\u00edmpicos<\/h2>\n<p><em>\u00a0<\/em>\u00c9 com muita expectativa que os brasileiros est\u00e3o esperando os Jogos Ol\u00edmpicos que acontecer\u00e3o na cidade do Rio de Janeiro, daqui a pouco menos de 1 ano. Mas, poucos se lembram de que tamb\u00e9m acontecer\u00e3o os Jogos Paral\u00edmpicos por aqui, com in\u00edcio em 7 de setembro do ano que vem. Existem diversas modalidades paraol\u00edmpicas para podermos acompanhar e torcer, inclusive de esportes aqu\u00e1ticos. Vamos conhecer um pouco mais sobre os Jogos e sobre as modalidades praticadas na \u00e1gua?<\/p>\n<p>Depois da Segunda Guerra Mundial, o n\u00famero de pessoas com necessidades especiais cresceu muito, em fun\u00e7\u00e3o dos ex-soldados que foram mutilados em combate. Como parte da reabilita\u00e7\u00e3o m\u00e9dica praticada nos Estados Unidos e principalmente na Inglaterra, come\u00e7aram a surgir os primeiros eventos de pr\u00e1tica esportiva de competi\u00e7\u00e3o para os veteranos de guerra e para outros pacientes com alguma defici\u00eancia f\u00edsica. Os primeiros Jogos Paral\u00edmpicos reconhecidos pelo Comit\u00ea Internacional foram realizados em Roma, no ano de 1960.<\/p>\n<h3>Modalidades<\/h3>\n<p>Atualmente, das 23 modalidades que comp\u00f5em os Jogos, 4 delas s\u00e3o exclusivamente aqu\u00e1ticas: canoagem, nata\u00e7\u00e3o, remo e vela. \u00a0Existe ainda o trecho de 750m do triatlo que deve ser percorrido a nado. A Nata\u00e7\u00e3o faz parte dos Jogos Paraol\u00edmpicos desde a sua 1\u00aa edi\u00e7\u00e3o e re\u00fane um grande n\u00famero de competidores. J\u00e1 a Vela foi incorporada em 2000, sendo disputada pela primeira vez em Sydney e o Remo estreou nos Jogos de Pequim, em 2008. A Canoagem far\u00e1 a sua estreia aqui no Rio de Janeiro, no ano de 2016.<\/p>\n<p>Na Canoagem, as embarca\u00e7\u00f5es s\u00e3o adaptadas segundo as habilidades funcionais dos atletas, sendo que eles podem usar apenas os bra\u00e7os na remada, bra\u00e7os e tronco ou ainda bra\u00e7os, tronco e pernas. S\u00e3o 200 m de extens\u00e3o a serem percorridos em linha reta pelos atletas, que podem competir tanto individualmente quanto em dupla, em provas masculinas, femininas ou mistas.<\/p>\n<p>Na nata\u00e7\u00e3o, podem participar atletas com defici\u00eancias f\u00edsicas, visuais e intelectuais. O Brasil come\u00e7ou a ganhar for\u00e7a na nata\u00e7\u00e3o em 1984, conquistando algumas medalhas de ouro. Hoje, essa \u00e9 a segunda modalidade que mais medalhas deu ao Brasil nos Jogos (83), atr\u00e1s apenas do atletismo (109)<\/p>\n<p>Existe tamb\u00e9m a figura\u00a0do\u00a0<em>tapper<\/em> , para os deficientes visuais: essa \u00e9 a pessoa que avisa o atleta quando ele deve fazer a virada na piscina e quando est\u00e1 no momento da chegada, usando um para isso um bast\u00e3o com ponta de espuma.<\/p>\n<p>&nbsp;<\/p>\n<p>A vela paral\u00edmpica \u00e9 aberta a atletas com qualquer tipo de defici\u00eancia e o sistema de classifica\u00e7\u00e3o, que leva em conta e pontua (numa escala de 1 a 7) a estabilidade, a mobilidade, a vis\u00e3o e as fun\u00e7\u00f5es motoras das m\u00e3os dos competidores, permite que atletas com diferentes tipos de defici\u00eancia possam competir juntos.<\/p>\n<p>Por fim, no remo adaptado, a classifica\u00e7\u00e3o dos atletas tamb\u00e9m \u00e9 feita de acordo com o membro utilizado pelo competidor para gerar a for\u00e7a de propulsora, como \u00e9 feito na canoagem: apenas bra\u00e7os, bra\u00e7os e troncos ou bra\u00e7os, tronco e pernas.<\/p>\n<p>Para saber mais sobre as regras e curiosidades dos esportes aqu\u00e1ticos dos Jogos Paral\u00edmpicos, acesse o site oficial do governo para as Olimp\u00edadas.\u00a0 Fique por dentro dessas e das outras modalidades e j\u00e1 v\u00e1 ensaiando o grito de torcida para o ano que vem \ud83d\ude09<\/p>\n<p>&nbsp;<\/p>\n<p>&nbsp;<\/p>\n<p>&nbsp;<\/p>\n<p><em>Imagens: http:\/\/www.brasil2016.gov.br\/pt-br<\/em><\/p>\n","protected":false},"excerpt":{"rendered":"<p>Jogos Paral\u00edmpicos \u00a0\u00c9 com muita expectativa que os brasileiros est\u00e3o esperando os Jogos Ol\u00edmpicos que acontecer\u00e3o na cidade do Rio de Janeiro, daqui a pouco menos de 1 ano. Mas, poucos se lembram de que tamb\u00e9m acontecer\u00e3o os Jogos Paral\u00edmpicos por aqui, com in\u00edcio em 7 de setembro do ano que vem. Existem diversas modalidades paraol\u00edmpicas para podermos acompanhar e torcer, inclusive de esportes aqu\u00e1ticos. Vamos conhecer um pouco mais sobre os Jogos e sobre as modalidades praticadas na \u00e1gua? Depois da Segunda Guerra Mundial, o n\u00famero de pessoas com necessidades especiais cresceu muito, em fun\u00e7\u00e3o dos ex-soldados que foram mutilados em combate. Como parte da reabilita\u00e7\u00e3o m\u00e9dica praticada nos Estados Unidos e principalmente na Inglaterra, come\u00e7aram a surgir os primeiros eventos de pr\u00e1tica esportiva de competi\u00e7\u00e3o para os veteranos de guerra e para outros pacientes com alguma defici\u00eancia f\u00edsica. Os primeiros Jogos Paral\u00edmpicos reconhecidos pelo Comit\u00ea Internacional foram realizados em Roma, no ano de 1960. Modalidades Atualmente, das 23 modalidades que comp\u00f5em os Jogos, 4 delas s\u00e3o exclusivamente aqu\u00e1ticas: canoagem, nata\u00e7\u00e3o, remo e vela. \u00a0Existe ainda o trecho de 750m do triatlo que deve ser percorrido a nado. A Nata\u00e7\u00e3o faz parte dos Jogos Paraol\u00edmpicos desde a sua 1\u00aa [&hellip;]<\/p>\n","protected":false},"author":3,"featured_media":18474,"comment_status":"closed","ping_status":"closed","sticky":false,"template":"","format":"standard","meta":{"footnotes":""},"categories":[48,41],"tags":[],"yoast_head":"<!-- This site is optimized with the Yoast SEO plugin v21.7 - https:\/\/yoast.com\/wordpress\/plugins\/seo\/ -->\n<title>Esportes aqu\u00e1ticos nos Jogos Paraol\u00edmpicos de 2016<\/title>\n<meta name=\"description\" content=\"Jogos Paral\u00edmpicos. \u00c9 com muita expectativa que os brasileiros est\u00e3o esperando os Jogos Ol\u00edmpicos que acontecer\u00e3o na cidade do Rio de Janeiro\" \/>\n<meta name=\"robots\" content=\"index, follow, max-snippet:-1, max-image-preview:large, max-video-preview:-1\" \/>\n<link rel=\"canonical\" href=\"https:\/\/www.institucional.europa.com.br\/blog\/esportes-aquaticos-paraolimpicos\/\" \/>\n<meta property=\"og:locale\" content=\"pt_BR\" \/>\n<meta property=\"og:type\" content=\"article\" \/>\n<meta property=\"og:title\" content=\"Esportes aqu\u00e1ticos nos Jogos Paraol\u00edmpicos de 2016\" \/>\n<meta property=\"og:description\" content=\"Jogos Paral\u00edmpicos. \u00c9 com muita expectativa que os brasileiros est\u00e3o esperando os Jogos Ol\u00edmpicos que acontecer\u00e3o na cidade do Rio de Janeiro\" \/>\n<meta property=\"og:url\" content=\"https:\/\/www.institucional.europa.com.br\/blog\/esportes-aquaticos-paraolimpicos\/\" \/>\n<meta property=\"og:site_name\" content=\"Europa\" \/>\n<meta property=\"article:publisher\" content=\"https:\/\/www.facebook.com\/europapurificadores\" \/>\n<meta property=\"article:published_time\" content=\"2016-05-16T20:09:44+00:00\" \/>\n<meta property=\"article:modified_time\" content=\"2020-07-23T16:54:26+00:00\" \/>\n<meta property=\"og:image\" content=\"https:\/\/www.institucional.europa.com.br\/blog\/wp-content\/uploads\/2019\/05\/jogos-paraolimpicos.jpg\" \/>\n\t<meta property=\"og:image:width\" content=\"800\" \/>\n\t<meta property=\"og:image:height\" content=\"533\" \/>\n\t<meta property=\"og:image:type\" content=\"image\/jpeg\" \/>\n<meta name=\"author\" content=\"Andreo\" \/>\n<meta name=\"twitter:card\" content=\"summary_large_image\" \/>\n<meta name=\"twitter:label1\" content=\"Escrito por\" \/>\n\t<meta name=\"twitter:data1\" content=\"Andreo\" \/>\n\t<meta name=\"twitter:label2\" content=\"Est. tempo de leitura\" \/>\n\t<meta name=\"twitter:data2\" content=\"3 minutos\" \/>\n<script type=\"application\/ld+json\" class=\"yoast-schema-graph\">{\"@context\":\"https:\/\/schema.org\",\"@graph\":[{\"@type\":\"Article\",\"@id\":\"https:\/\/www.institucional.europa.com.br\/blog\/esportes-aquaticos-paraolimpicos\/#article\",\"isPartOf\":{\"@id\":\"https:\/\/www.institucional.europa.com.br\/blog\/esportes-aquaticos-paraolimpicos\/\"},\"author\":{\"name\":\"Andreo\",\"@id\":\"https:\/\/www.institucional.europa.com.br\/blog\/#\/schema\/person\/68b8a5946bf87d89a3c20f78f2519a18\"},\"headline\":\"Esportes aqu\u00e1ticos nos Jogos Paraol\u00edmpicos de 2016\",\"datePublished\":\"2016-05-16T20:09:44+00:00\",\"dateModified\":\"2020-07-23T16:54:26+00:00\",\"mainEntityOfPage\":{\"@id\":\"https:\/\/www.institucional.europa.com.br\/blog\/esportes-aquaticos-paraolimpicos\/\"},\"wordCount\":592,\"publisher\":{\"@id\":\"https:\/\/www.institucional.europa.com.br\/blog\/#organization\"},\"articleSection\":[\"Todos\",\"Tudo Sobre \u00c1gua\"],\"inLanguage\":\"pt-BR\"},{\"@type\":\"WebPage\",\"@id\":\"https:\/\/www.institucional.europa.com.br\/blog\/esportes-aquaticos-paraolimpicos\/\",\"url\":\"https:\/\/www.institucional.europa.com.br\/blog\/esportes-aquaticos-paraolimpicos\/\",\"name\":\"Esportes aqu\u00e1ticos nos Jogos Paraol\u00edmpicos de 2016\",\"isPartOf\":{\"@id\":\"https:\/\/www.institucional.europa.com.br\/blog\/#website\"},\"datePublished\":\"2016-05-16T20:09:44+00:00\",\"dateModified\":\"2020-07-23T16:54:26+00:00\",\"description\":\"Jogos Paral\u00edmpicos. \u00c9 com muita expectativa que os brasileiros est\u00e3o esperando os Jogos Ol\u00edmpicos que acontecer\u00e3o na cidade do Rio de Janeiro\",\"breadcrumb\":{\"@id\":\"https:\/\/www.institucional.europa.com.br\/blog\/esportes-aquaticos-paraolimpicos\/#breadcrumb\"},\"inLanguage\":\"pt-BR\",\"potentialAction\":[{\"@type\":\"ReadAction\",\"target\":[\"https:\/\/www.institucional.europa.com.br\/blog\/esportes-aquaticos-paraolimpicos\/\"]}]},{\"@type\":\"BreadcrumbList\",\"@id\":\"https:\/\/www.institucional.europa.com.br\/blog\/esportes-aquaticos-paraolimpicos\/#breadcrumb\",\"itemListElement\":[{\"@type\":\"ListItem\",\"position\":1,\"name\":\"In\u00edcio\",\"item\":\"https:\/\/www.institucional.europa.com.br\/blog\/\"},{\"@type\":\"ListItem\",\"position\":2,\"name\":\"Esportes aqu\u00e1ticos nos Jogos Paraol\u00edmpicos de 2016\"}]},{\"@type\":\"WebSite\",\"@id\":\"https:\/\/www.institucional.europa.com.br\/blog\/#website\",\"url\":\"https:\/\/www.institucional.europa.com.br\/blog\/\",\"name\":\"Purificadores Europa\",\"description\":\"O mundo precisa de mais pureza\",\"publisher\":{\"@id\":\"https:\/\/www.institucional.europa.com.br\/blog\/#organization\"},\"potentialAction\":[{\"@type\":\"SearchAction\",\"target\":{\"@type\":\"EntryPoint\",\"urlTemplate\":\"https:\/\/www.institucional.europa.com.br\/blog\/?s={search_term_string}\"},\"query-input\":\"required name=search_term_string\"}],\"inLanguage\":\"pt-BR\"},{\"@type\":\"Organization\",\"@id\":\"https:\/\/www.institucional.europa.com.br\/blog\/#organization\",\"name\":\"Purificadores Europa\",\"url\":\"https:\/\/www.institucional.europa.com.br\/blog\/\",\"logo\":{\"@type\":\"ImageObject\",\"inLanguage\":\"pt-BR\",\"@id\":\"https:\/\/www.institucional.europa.com.br\/blog\/#\/schema\/logo\/image\/\",\"url\":\"https:\/\/europa.com.br\/blog\/wp-content\/uploads\/2018\/08\/logo.png\",\"contentUrl\":\"https:\/\/europa.com.br\/blog\/wp-content\/uploads\/2018\/08\/logo.png\",\"width\":200,\"height\":49,\"caption\":\"Purificadores Europa\"},\"image\":{\"@id\":\"https:\/\/www.institucional.europa.com.br\/blog\/#\/schema\/logo\/image\/\"},\"sameAs\":[\"https:\/\/www.facebook.com\/europapurificadores\",\"https:\/\/www.instagram.com\/purificadoreseuropa_oficial\/\",\"https:\/\/www.youtube.com\/channel\/UCp62KWK-tLexf61dOiO3ZaQ\"]},{\"@type\":\"Person\",\"@id\":\"https:\/\/www.institucional.europa.com.br\/blog\/#\/schema\/person\/68b8a5946bf87d89a3c20f78f2519a18\",\"name\":\"Andreo\"}]}<\/script>\n<!-- \/ Yoast SEO plugin. -->","yoast_head_json":{"title":"Esportes aqu\u00e1ticos nos Jogos Paraol\u00edmpicos de 2016","description":"Jogos Paral\u00edmpicos. \u00c9 com muita expectativa que os brasileiros est\u00e3o esperando os Jogos Ol\u00edmpicos que acontecer\u00e3o na cidade do Rio de Janeiro","robots":{"index":"index","follow":"follow","max-snippet":"max-snippet:-1","max-image-preview":"max-image-preview:large","max-video-preview":"max-video-preview:-1"},"canonical":"https:\/\/www.institucional.europa.com.br\/blog\/esportes-aquaticos-paraolimpicos\/","og_locale":"pt_BR","og_type":"article","og_title":"Esportes aqu\u00e1ticos nos Jogos Paraol\u00edmpicos de 2016","og_description":"Jogos Paral\u00edmpicos. \u00c9 com muita expectativa que os brasileiros est\u00e3o esperando os Jogos Ol\u00edmpicos que acontecer\u00e3o na cidade do Rio de Janeiro","og_url":"https:\/\/www.institucional.europa.com.br\/blog\/esportes-aquaticos-paraolimpicos\/","og_site_name":"Europa","article_publisher":"https:\/\/www.facebook.com\/europapurificadores","article_published_time":"2016-05-16T20:09:44+00:00","article_modified_time":"2020-07-23T16:54:26+00:00","og_image":[{"width":800,"height":533,"url":"https:\/\/www.institucional.europa.com.br\/blog\/wp-content\/uploads\/2019\/05\/jogos-paraolimpicos.jpg","type":"image\/jpeg"}],"author":"Andreo","twitter_card":"summary_large_image","twitter_misc":{"Escrito por":"Andreo","Est. tempo de leitura":"3 minutos"},"schema":{"@context":"https:\/\/schema.org","@graph":[{"@type":"Article","@id":"https:\/\/www.institucional.europa.com.br\/blog\/esportes-aquaticos-paraolimpicos\/#article","isPartOf":{"@id":"https:\/\/www.institucional.europa.com.br\/blog\/esportes-aquaticos-paraolimpicos\/"},"author":{"name":"Andreo","@id":"https:\/\/www.institucional.europa.com.br\/blog\/#\/schema\/person\/68b8a5946bf87d89a3c20f78f2519a18"},"headline":"Esportes aqu\u00e1ticos nos Jogos Paraol\u00edmpicos de 2016","datePublished":"2016-05-16T20:09:44+00:00","dateModified":"2020-07-23T16:54:26+00:00","mainEntityOfPage":{"@id":"https:\/\/www.institucional.europa.com.br\/blog\/esportes-aquaticos-paraolimpicos\/"},"wordCount":592,"publisher":{"@id":"https:\/\/www.institucional.europa.com.br\/blog\/#organization"},"articleSection":["Todos","Tudo Sobre \u00c1gua"],"inLanguage":"pt-BR"},{"@type":"WebPage","@id":"https:\/\/www.institucional.europa.com.br\/blog\/esportes-aquaticos-paraolimpicos\/","url":"https:\/\/www.institucional.europa.com.br\/blog\/esportes-aquaticos-paraolimpicos\/","name":"Esportes aqu\u00e1ticos nos Jogos Paraol\u00edmpicos de 2016","isPartOf":{"@id":"https:\/\/www.institucional.europa.com.br\/blog\/#website"},"datePublished":"2016-05-16T20:09:44+00:00","dateModified":"2020-07-23T16:54:26+00:00","description":"Jogos Paral\u00edmpicos. \u00c9 com muita expectativa que os brasileiros est\u00e3o esperando os Jogos Ol\u00edmpicos que acontecer\u00e3o na cidade do Rio de Janeiro","breadcrumb":{"@id":"https:\/\/www.institucional.europa.com.br\/blog\/esportes-aquaticos-paraolimpicos\/#breadcrumb"},"inLanguage":"pt-BR","potentialAction":[{"@type":"ReadAction","target":["https:\/\/www.institucional.europa.com.br\/blog\/esportes-aquaticos-paraolimpicos\/"]}]},{"@type":"BreadcrumbList","@id":"https:\/\/www.institucional.europa.com.br\/blog\/esportes-aquaticos-paraolimpicos\/#breadcrumb","itemListElement":[{"@type":"ListItem","position":1,"name":"In\u00edcio","item":"https:\/\/www.institucional.europa.com.br\/blog\/"},{"@type":"ListItem","position":2,"name":"Esportes aqu\u00e1ticos nos Jogos Paraol\u00edmpicos de 2016"}]},{"@type":"WebSite","@id":"https:\/\/www.institucional.europa.com.br\/blog\/#website","url":"https:\/\/www.institucional.europa.com.br\/blog\/","name":"Purificadores Europa","description":"O mundo precisa de mais pureza","publisher":{"@id":"https:\/\/www.institucional.europa.com.br\/blog\/#organization"},"potentialAction":[{"@type":"SearchAction","target":{"@type":"EntryPoint","urlTemplate":"https:\/\/www.institucional.europa.com.br\/blog\/?s={search_term_string}"},"query-input":"required name=search_term_string"}],"inLanguage":"pt-BR"},{"@type":"Organization","@id":"https:\/\/www.institucional.europa.com.br\/blog\/#organization","name":"Purificadores Europa","url":"https:\/\/www.institucional.europa.com.br\/blog\/","logo":{"@type":"ImageObject","inLanguage":"pt-BR","@id":"https:\/\/www.institucional.europa.com.br\/blog\/#\/schema\/logo\/image\/","url":"https:\/\/europa.com.br\/blog\/wp-content\/uploads\/2018\/08\/logo.png","contentUrl":"https:\/\/europa.com.br\/blog\/wp-content\/uploads\/2018\/08\/logo.png","width":200,"height":49,"caption":"Purificadores Europa"},"image":{"@id":"https:\/\/www.institucional.europa.com.br\/blog\/#\/schema\/logo\/image\/"},"sameAs":["https:\/\/www.facebook.com\/europapurificadores","https:\/\/www.instagram.com\/purificadoreseuropa_oficial\/","https:\/\/www.youtube.com\/channel\/UCp62KWK-tLexf61dOiO3ZaQ"]},{"@type":"Person","@id":"https:\/\/www.institucional.europa.com.br\/blog\/#\/schema\/person\/68b8a5946bf87d89a3c20f78f2519a18","name":"Andreo"}]}},"_links":{"self":[{"href":"https:\/\/www.institucional.europa.com.br\/blog\/wp-json\/wp\/v2\/posts\/18473"}],"collection":[{"href":"https:\/\/www.institucional.europa.com.br\/blog\/wp-json\/wp\/v2\/posts"}],"about":[{"href":"https:\/\/www.institucional.europa.com.br\/blog\/wp-json\/wp\/v2\/types\/post"}],"author":[{"embeddable":true,"href":"https:\/\/www.institucional.europa.com.br\/blog\/wp-json\/wp\/v2\/users\/3"}],"replies":[{"embeddable":true,"href":"https:\/\/www.institucional.europa.com.br\/blog\/wp-json\/wp\/v2\/comments?post=18473"}],"version-history":[{"count":0,"href":"https:\/\/www.institucional.europa.com.br\/blog\/wp-json\/wp\/v2\/posts\/18473\/revisions"}],"wp:featuredmedia":[{"embeddable":true,"href":"https:\/\/www.institucional.europa.com.br\/blog\/wp-json\/wp\/v2\/media\/18474"}],"wp:attachment":[{"href":"https:\/\/www.institucional.europa.com.br\/blog\/wp-json\/wp\/v2\/media?parent=18473"}],"wp:term":[{"taxonomy":"category","embeddable":true,"href":"https:\/\/www.institucional.europa.com.br\/blog\/wp-json\/wp\/v2\/categories?post=18473"},{"taxonomy":"post_tag","embeddable":true,"href":"https:\/\/www.institucional.europa.com.br\/blog\/wp-json\/wp\/v2\/tags?post=18473"}],"curies":[{"name":"wp","href":"https:\/\/api.w.org\/{rel}","templated":true}]}}