{"id":18459,"date":"2015-05-16T16:49:48","date_gmt":"2015-05-16T19:49:48","guid":{"rendered":"https:\/\/europa.com.br\/?p=18459"},"modified":"2022-12-30T12:17:35","modified_gmt":"2022-12-30T15:17:35","slug":"agua-agora-tambem-e-comestivel","status":"publish","type":"post","link":"https:\/\/www.institucional.europa.com.br\/blog\/agua-agora-tambem-e-comestivel\/","title":{"rendered":"\u00c1gua agora tamb\u00e9m \u00e9 comest\u00edvel"},"content":{"rendered":"<h2>\u00c1gua comest\u00edvel<\/h2>\n<p>Se voc\u00ea \u00e9 daquelas pessoas que se esquece de tomar \u00e1gua ao longo do dia e acha que n\u00e3o \u00e9 pr\u00e1tico ter uma garrafa ou squeeze sempre por perto para manter a hidrata\u00e7\u00e3o em dia, essa novidade pode ser muito interessante.<\/p>\n<p>Pensando em reduzir a quantidade de garrafas pl\u00e1sticas descartadas no meio ambiente, tr\u00eas estudantes espanh\u00f3is ganharam um pr\u00eamio de sustentabilidade europeu por desenvolverem uma nova forma de beber \u00e1gua, chamada Ooho. A \u2018bolha\u2019, al\u00e9m de ser feita com material biodegrad\u00e1vel, oferece pouca resist\u00eancia aos dentes e pode ser ingerida sem qualquer dano ao corpo humano. Quest\u00f5es como transporte, acondicionamento e higiene ainda precisam ser ajustadas para que a \u00e1gua comest\u00edvel seja comercializada.<\/p>\n<p><img loading=\"lazy\" decoding=\"async\" class=\" alignright wp-image-265\" src=\"http:\/\/europa.com.br\/blog\/wp-content\/uploads\/2015\/10\/comestivel2-300x200.jpg\" alt=\"comestivel2\" width=\"368\" height=\"245\" \/>Como inspira\u00e7\u00e3o para desenvolver esse conceito, os estudantes usaram como base um m\u00e9todo conhecido da gastronomia, desde os anos 40, que transforma l\u00edquidos em esferas gelatinosas: a \u201cesferifica\u00e7\u00e3o\u201d. O processo utilizado pelos estudantes \u00e9 praticamente igual a fazer gelo, com a diferen\u00e7a de que a membrana que recobre a \u00e1gua congelada que pode ser consumida com a membrana depois de voltar \u00e0 temperatura natural.<\/p>\n<p>A membrana \u00e9 a grande inova\u00e7\u00e3o deste projeto, uma vez que ela \u00e9 feita de \u00e1gua marinha e cloreto de s\u00f3dio e pode ser ingerida junto com a \u00e1gua, eliminando qualquer res\u00edduo do consumo. A \u00e1gua comest\u00edvel, al\u00e9m de ser completamente sustent\u00e1vel, tem um custo extremamente baixo (2 centavos de d\u00f3lar por unidade) quando comparado ao custo de produ\u00e7\u00e3o da cadeia da \u00e1gua mineral. A novidade ainda n\u00e3o est\u00e1 nas prateleiras, mas j\u00e1 pode fazer a gente pensar em mudar de h\u00e1bito e num novo jeito de consumir \u00e1gua.<\/p>\n<p>Assista ao v\u00eddeo e saiba mais sobre a Ooho:<\/p>\n<p>https:\/\/www.youtube.com\/watch?v=T4AVSDYLVQU<\/p>\n<p>&nbsp;<\/p>\n<p>Fotos: Reprodu\u00e7\u00e3o\/Divulga\u00e7\u00e3o<\/p>\n","protected":false},"excerpt":{"rendered":"<p>\u00c1gua comest\u00edvel Se voc\u00ea \u00e9 daquelas pessoas que se esquece de tomar \u00e1gua ao longo do dia e acha que n\u00e3o \u00e9 pr\u00e1tico ter uma garrafa ou squeeze sempre por perto para manter a hidrata\u00e7\u00e3o em dia, essa novidade pode ser muito interessante. Pensando em reduzir a quantidade de garrafas pl\u00e1sticas descartadas no meio ambiente, tr\u00eas estudantes espanh\u00f3is ganharam um pr\u00eamio de sustentabilidade europeu por desenvolverem uma nova forma de beber \u00e1gua, chamada Ooho. A \u2018bolha\u2019, al\u00e9m de ser feita com material biodegrad\u00e1vel, oferece pouca resist\u00eancia aos dentes e pode ser ingerida sem qualquer dano ao corpo humano. Quest\u00f5es como transporte, acondicionamento e higiene ainda precisam ser ajustadas para que a \u00e1gua comest\u00edvel seja comercializada. Como inspira\u00e7\u00e3o para desenvolver esse conceito, os estudantes usaram como base um m\u00e9todo conhecido da gastronomia, desde os anos 40, que transforma l\u00edquidos em esferas gelatinosas: a \u201cesferifica\u00e7\u00e3o\u201d. O processo utilizado pelos estudantes \u00e9 praticamente igual a fazer gelo, com a diferen\u00e7a de que a membrana que recobre a \u00e1gua congelada que pode ser consumida com a membrana depois de voltar \u00e0 temperatura natural. A membrana \u00e9 a grande inova\u00e7\u00e3o deste projeto, uma vez que ela \u00e9 feita de \u00e1gua marinha e cloreto de s\u00f3dio [&hellip;]<\/p>\n","protected":false},"author":3,"featured_media":20841,"comment_status":"closed","ping_status":"closed","sticky":false,"template":"","format":"standard","meta":{"footnotes":""},"categories":[40,48],"tags":[],"yoast_head":"<!-- This site is optimized with the Yoast SEO plugin v21.7 - https:\/\/yoast.com\/wordpress\/plugins\/seo\/ -->\n<title>\u00c1gua agora tamb\u00e9m \u00e9 comest\u00edvel | Purificadores Europa<\/title>\n<meta name=\"description\" content=\"\u00c1gua comest\u00edvel. Se voc\u00ea \u00e9 daquelas pessoas que se esquece de tomar \u00e1gua ao longo do dia e acha que n\u00e3o \u00e9 pr\u00e1tico ter uma garrafa ou squeeze sempre...\" \/>\n<meta name=\"robots\" content=\"index, follow, max-snippet:-1, max-image-preview:large, max-video-preview:-1\" \/>\n<link rel=\"canonical\" href=\"https:\/\/www.institucional.europa.com.br\/blog\/agua-agora-tambem-e-comestivel\/\" \/>\n<meta property=\"og:locale\" content=\"pt_BR\" \/>\n<meta property=\"og:type\" content=\"article\" \/>\n<meta property=\"og:title\" content=\"\u00c1gua agora tamb\u00e9m \u00e9 comest\u00edvel | Purificadores Europa\" \/>\n<meta property=\"og:description\" content=\"\u00c1gua comest\u00edvel. Se voc\u00ea \u00e9 daquelas pessoas que se esquece de tomar \u00e1gua ao longo do dia e acha que n\u00e3o \u00e9 pr\u00e1tico ter uma garrafa ou squeeze sempre...\" \/>\n<meta property=\"og:url\" content=\"https:\/\/www.institucional.europa.com.br\/blog\/agua-agora-tambem-e-comestivel\/\" \/>\n<meta property=\"og:site_name\" content=\"Europa\" \/>\n<meta property=\"article:publisher\" content=\"https:\/\/www.facebook.com\/europapurificadores\" \/>\n<meta property=\"article:published_time\" content=\"2015-05-16T19:49:48+00:00\" \/>\n<meta property=\"article:modified_time\" content=\"2022-12-30T15:17:35+00:00\" \/>\n<meta property=\"og:image\" content=\"https:\/\/www.institucional.europa.com.br\/blog\/wp-content\/uploads\/2015\/05\/comestivel.jpg\" \/>\n\t<meta property=\"og:image:width\" content=\"700\" \/>\n\t<meta property=\"og:image:height\" content=\"466\" \/>\n\t<meta property=\"og:image:type\" content=\"image\/jpeg\" \/>\n<meta name=\"author\" content=\"Andreo\" \/>\n<meta name=\"twitter:card\" content=\"summary_large_image\" \/>\n<meta name=\"twitter:label1\" content=\"Escrito por\" \/>\n\t<meta name=\"twitter:data1\" content=\"Andreo\" \/>\n\t<meta name=\"twitter:label2\" content=\"Est. tempo de leitura\" \/>\n\t<meta name=\"twitter:data2\" content=\"2 minutos\" \/>\n<script type=\"application\/ld+json\" class=\"yoast-schema-graph\">{\"@context\":\"https:\/\/schema.org\",\"@graph\":[{\"@type\":\"Article\",\"@id\":\"https:\/\/www.institucional.europa.com.br\/blog\/agua-agora-tambem-e-comestivel\/#article\",\"isPartOf\":{\"@id\":\"https:\/\/www.institucional.europa.com.br\/blog\/agua-agora-tambem-e-comestivel\/\"},\"author\":{\"name\":\"Andreo\",\"@id\":\"https:\/\/www.institucional.europa.com.br\/blog\/#\/schema\/person\/68b8a5946bf87d89a3c20f78f2519a18\"},\"headline\":\"\u00c1gua agora tamb\u00e9m \u00e9 comest\u00edvel\",\"datePublished\":\"2015-05-16T19:49:48+00:00\",\"dateModified\":\"2022-12-30T15:17:35+00:00\",\"mainEntityOfPage\":{\"@id\":\"https:\/\/www.institucional.europa.com.br\/blog\/agua-agora-tambem-e-comestivel\/\"},\"wordCount\":318,\"publisher\":{\"@id\":\"https:\/\/www.institucional.europa.com.br\/blog\/#organization\"},\"articleSection\":[\"N\u00e3o \u00e9 S\u00f3 Uma Gota No Oceano\",\"Todos\"],\"inLanguage\":\"pt-BR\"},{\"@type\":\"WebPage\",\"@id\":\"https:\/\/www.institucional.europa.com.br\/blog\/agua-agora-tambem-e-comestivel\/\",\"url\":\"https:\/\/www.institucional.europa.com.br\/blog\/agua-agora-tambem-e-comestivel\/\",\"name\":\"\u00c1gua agora tamb\u00e9m \u00e9 comest\u00edvel | Purificadores Europa\",\"isPartOf\":{\"@id\":\"https:\/\/www.institucional.europa.com.br\/blog\/#website\"},\"datePublished\":\"2015-05-16T19:49:48+00:00\",\"dateModified\":\"2022-12-30T15:17:35+00:00\",\"description\":\"\u00c1gua comest\u00edvel. Se voc\u00ea \u00e9 daquelas pessoas que se esquece de tomar \u00e1gua ao longo do dia e acha que n\u00e3o \u00e9 pr\u00e1tico ter uma garrafa ou squeeze sempre...\",\"breadcrumb\":{\"@id\":\"https:\/\/www.institucional.europa.com.br\/blog\/agua-agora-tambem-e-comestivel\/#breadcrumb\"},\"inLanguage\":\"pt-BR\",\"potentialAction\":[{\"@type\":\"ReadAction\",\"target\":[\"https:\/\/www.institucional.europa.com.br\/blog\/agua-agora-tambem-e-comestivel\/\"]}]},{\"@type\":\"BreadcrumbList\",\"@id\":\"https:\/\/www.institucional.europa.com.br\/blog\/agua-agora-tambem-e-comestivel\/#breadcrumb\",\"itemListElement\":[{\"@type\":\"ListItem\",\"position\":1,\"name\":\"In\u00edcio\",\"item\":\"https:\/\/www.institucional.europa.com.br\/blog\/\"},{\"@type\":\"ListItem\",\"position\":2,\"name\":\"\u00c1gua agora tamb\u00e9m \u00e9 comest\u00edvel\"}]},{\"@type\":\"WebSite\",\"@id\":\"https:\/\/www.institucional.europa.com.br\/blog\/#website\",\"url\":\"https:\/\/www.institucional.europa.com.br\/blog\/\",\"name\":\"Purificadores Europa\",\"description\":\"O mundo precisa de mais pureza\",\"publisher\":{\"@id\":\"https:\/\/www.institucional.europa.com.br\/blog\/#organization\"},\"potentialAction\":[{\"@type\":\"SearchAction\",\"target\":{\"@type\":\"EntryPoint\",\"urlTemplate\":\"https:\/\/www.institucional.europa.com.br\/blog\/?s={search_term_string}\"},\"query-input\":\"required name=search_term_string\"}],\"inLanguage\":\"pt-BR\"},{\"@type\":\"Organization\",\"@id\":\"https:\/\/www.institucional.europa.com.br\/blog\/#organization\",\"name\":\"Purificadores Europa\",\"url\":\"https:\/\/www.institucional.europa.com.br\/blog\/\",\"logo\":{\"@type\":\"ImageObject\",\"inLanguage\":\"pt-BR\",\"@id\":\"https:\/\/www.institucional.europa.com.br\/blog\/#\/schema\/logo\/image\/\",\"url\":\"https:\/\/europa.com.br\/blog\/wp-content\/uploads\/2018\/08\/logo.png\",\"contentUrl\":\"https:\/\/europa.com.br\/blog\/wp-content\/uploads\/2018\/08\/logo.png\",\"width\":200,\"height\":49,\"caption\":\"Purificadores Europa\"},\"image\":{\"@id\":\"https:\/\/www.institucional.europa.com.br\/blog\/#\/schema\/logo\/image\/\"},\"sameAs\":[\"https:\/\/www.facebook.com\/europapurificadores\",\"https:\/\/www.instagram.com\/purificadoreseuropa_oficial\/\",\"https:\/\/www.youtube.com\/channel\/UCp62KWK-tLexf61dOiO3ZaQ\"]},{\"@type\":\"Person\",\"@id\":\"https:\/\/www.institucional.europa.com.br\/blog\/#\/schema\/person\/68b8a5946bf87d89a3c20f78f2519a18\",\"name\":\"Andreo\"}]}<\/script>\n<!-- \/ Yoast SEO plugin. -->","yoast_head_json":{"title":"\u00c1gua agora tamb\u00e9m \u00e9 comest\u00edvel | Purificadores Europa","description":"\u00c1gua comest\u00edvel. Se voc\u00ea \u00e9 daquelas pessoas que se esquece de tomar \u00e1gua ao longo do dia e acha que n\u00e3o \u00e9 pr\u00e1tico ter uma garrafa ou squeeze sempre...","robots":{"index":"index","follow":"follow","max-snippet":"max-snippet:-1","max-image-preview":"max-image-preview:large","max-video-preview":"max-video-preview:-1"},"canonical":"https:\/\/www.institucional.europa.com.br\/blog\/agua-agora-tambem-e-comestivel\/","og_locale":"pt_BR","og_type":"article","og_title":"\u00c1gua agora tamb\u00e9m \u00e9 comest\u00edvel | Purificadores Europa","og_description":"\u00c1gua comest\u00edvel. Se voc\u00ea \u00e9 daquelas pessoas que se esquece de tomar \u00e1gua ao longo do dia e acha que n\u00e3o \u00e9 pr\u00e1tico ter uma garrafa ou squeeze sempre...","og_url":"https:\/\/www.institucional.europa.com.br\/blog\/agua-agora-tambem-e-comestivel\/","og_site_name":"Europa","article_publisher":"https:\/\/www.facebook.com\/europapurificadores","article_published_time":"2015-05-16T19:49:48+00:00","article_modified_time":"2022-12-30T15:17:35+00:00","og_image":[{"width":700,"height":466,"url":"https:\/\/www.institucional.europa.com.br\/blog\/wp-content\/uploads\/2015\/05\/comestivel.jpg","type":"image\/jpeg"}],"author":"Andreo","twitter_card":"summary_large_image","twitter_misc":{"Escrito por":"Andreo","Est. tempo de leitura":"2 minutos"},"schema":{"@context":"https:\/\/schema.org","@graph":[{"@type":"Article","@id":"https:\/\/www.institucional.europa.com.br\/blog\/agua-agora-tambem-e-comestivel\/#article","isPartOf":{"@id":"https:\/\/www.institucional.europa.com.br\/blog\/agua-agora-tambem-e-comestivel\/"},"author":{"name":"Andreo","@id":"https:\/\/www.institucional.europa.com.br\/blog\/#\/schema\/person\/68b8a5946bf87d89a3c20f78f2519a18"},"headline":"\u00c1gua agora tamb\u00e9m \u00e9 comest\u00edvel","datePublished":"2015-05-16T19:49:48+00:00","dateModified":"2022-12-30T15:17:35+00:00","mainEntityOfPage":{"@id":"https:\/\/www.institucional.europa.com.br\/blog\/agua-agora-tambem-e-comestivel\/"},"wordCount":318,"publisher":{"@id":"https:\/\/www.institucional.europa.com.br\/blog\/#organization"},"articleSection":["N\u00e3o \u00e9 S\u00f3 Uma Gota No Oceano","Todos"],"inLanguage":"pt-BR"},{"@type":"WebPage","@id":"https:\/\/www.institucional.europa.com.br\/blog\/agua-agora-tambem-e-comestivel\/","url":"https:\/\/www.institucional.europa.com.br\/blog\/agua-agora-tambem-e-comestivel\/","name":"\u00c1gua agora tamb\u00e9m \u00e9 comest\u00edvel | Purificadores Europa","isPartOf":{"@id":"https:\/\/www.institucional.europa.com.br\/blog\/#website"},"datePublished":"2015-05-16T19:49:48+00:00","dateModified":"2022-12-30T15:17:35+00:00","description":"\u00c1gua comest\u00edvel. Se voc\u00ea \u00e9 daquelas pessoas que se esquece de tomar \u00e1gua ao longo do dia e acha que n\u00e3o \u00e9 pr\u00e1tico ter uma garrafa ou squeeze sempre...","breadcrumb":{"@id":"https:\/\/www.institucional.europa.com.br\/blog\/agua-agora-tambem-e-comestivel\/#breadcrumb"},"inLanguage":"pt-BR","potentialAction":[{"@type":"ReadAction","target":["https:\/\/www.institucional.europa.com.br\/blog\/agua-agora-tambem-e-comestivel\/"]}]},{"@type":"BreadcrumbList","@id":"https:\/\/www.institucional.europa.com.br\/blog\/agua-agora-tambem-e-comestivel\/#breadcrumb","itemListElement":[{"@type":"ListItem","position":1,"name":"In\u00edcio","item":"https:\/\/www.institucional.europa.com.br\/blog\/"},{"@type":"ListItem","position":2,"name":"\u00c1gua agora tamb\u00e9m \u00e9 comest\u00edvel"}]},{"@type":"WebSite","@id":"https:\/\/www.institucional.europa.com.br\/blog\/#website","url":"https:\/\/www.institucional.europa.com.br\/blog\/","name":"Purificadores Europa","description":"O mundo precisa de mais pureza","publisher":{"@id":"https:\/\/www.institucional.europa.com.br\/blog\/#organization"},"potentialAction":[{"@type":"SearchAction","target":{"@type":"EntryPoint","urlTemplate":"https:\/\/www.institucional.europa.com.br\/blog\/?s={search_term_string}"},"query-input":"required name=search_term_string"}],"inLanguage":"pt-BR"},{"@type":"Organization","@id":"https:\/\/www.institucional.europa.com.br\/blog\/#organization","name":"Purificadores Europa","url":"https:\/\/www.institucional.europa.com.br\/blog\/","logo":{"@type":"ImageObject","inLanguage":"pt-BR","@id":"https:\/\/www.institucional.europa.com.br\/blog\/#\/schema\/logo\/image\/","url":"https:\/\/europa.com.br\/blog\/wp-content\/uploads\/2018\/08\/logo.png","contentUrl":"https:\/\/europa.com.br\/blog\/wp-content\/uploads\/2018\/08\/logo.png","width":200,"height":49,"caption":"Purificadores Europa"},"image":{"@id":"https:\/\/www.institucional.europa.com.br\/blog\/#\/schema\/logo\/image\/"},"sameAs":["https:\/\/www.facebook.com\/europapurificadores","https:\/\/www.instagram.com\/purificadoreseuropa_oficial\/","https:\/\/www.youtube.com\/channel\/UCp62KWK-tLexf61dOiO3ZaQ"]},{"@type":"Person","@id":"https:\/\/www.institucional.europa.com.br\/blog\/#\/schema\/person\/68b8a5946bf87d89a3c20f78f2519a18","name":"Andreo"}]}},"_links":{"self":[{"href":"https:\/\/www.institucional.europa.com.br\/blog\/wp-json\/wp\/v2\/posts\/18459"}],"collection":[{"href":"https:\/\/www.institucional.europa.com.br\/blog\/wp-json\/wp\/v2\/posts"}],"about":[{"href":"https:\/\/www.institucional.europa.com.br\/blog\/wp-json\/wp\/v2\/types\/post"}],"author":[{"embeddable":true,"href":"https:\/\/www.institucional.europa.com.br\/blog\/wp-json\/wp\/v2\/users\/3"}],"replies":[{"embeddable":true,"href":"https:\/\/www.institucional.europa.com.br\/blog\/wp-json\/wp\/v2\/comments?post=18459"}],"version-history":[{"count":0,"href":"https:\/\/www.institucional.europa.com.br\/blog\/wp-json\/wp\/v2\/posts\/18459\/revisions"}],"wp:featuredmedia":[{"embeddable":true,"href":"https:\/\/www.institucional.europa.com.br\/blog\/wp-json\/wp\/v2\/media\/20841"}],"wp:attachment":[{"href":"https:\/\/www.institucional.europa.com.br\/blog\/wp-json\/wp\/v2\/media?parent=18459"}],"wp:term":[{"taxonomy":"category","embeddable":true,"href":"https:\/\/www.institucional.europa.com.br\/blog\/wp-json\/wp\/v2\/categories?post=18459"},{"taxonomy":"post_tag","embeddable":true,"href":"https:\/\/www.institucional.europa.com.br\/blog\/wp-json\/wp\/v2\/tags?post=18459"}],"curies":[{"name":"wp","href":"https:\/\/api.w.org\/{rel}","templated":true}]}}