{"id":18363,"date":"2016-04-01T14:03:17","date_gmt":"2016-04-01T17:03:17","guid":{"rendered":"https:\/\/europa.com.br\/?p=18363"},"modified":"2022-12-27T11:40:02","modified_gmt":"2022-12-27T14:40:02","slug":"ficar-mais-perto-da-natureza","status":"publish","type":"post","link":"https:\/\/www.institucional.europa.com.br\/blog\/ficar-mais-perto-da-natureza\/","title":{"rendered":"Conhe\u00e7a 5 lugares em S\u00e3o Paulo que v\u00e3o te fazer ficar mais perto da natureza."},"content":{"rendered":"<h2>Natureza em SP<\/h2>\n<p>Quem vive em S\u00e3o Paulo ou pelo menos j\u00e1 visitou a grande selva de pedra sabe que muitas vezes faz falta desacelerar o ritmo e estar mais em contato com o verde. Para quem n\u00e3o sabe, S\u00e3o Paulo conta com belos parques e reservas, e pode oferecer momentos incr\u00edveis na natureza para voc\u00ea. Selecionamos 5 lugares que s\u00e3o um o\u00e1sis no meio da correria do dia a dia. Vamos conhecer?<\/p>\n<h2><strong>1.\u00a0Pico do Jaragu\u00e1<\/strong><\/h2>\n<h3><\/h3>\n<p>Localizado na Zona Oeste da capital, o Parque Estadual do Jaragu\u00e1, mais conhecido pelo seu Pico, oferece umas das melhores vistas panor\u00e2micas de S\u00e3o Paulo. No final do s\u00e9culo XIX, o Parque do Jaragu\u00e1 funcionava como uma fazenda do ciclo de ouro. Fundado apenas em maio de 1961 como um Parque, ainda hoje \u00e9 poss\u00edvel observar por l\u00e1 alguns casar\u00f5es que foram constru\u00eddos na \u00e9poca da explora\u00e7\u00e3o do ouro.\u00a0Para quem tem esp\u00edrito aventureiro, o Parque ainda conta com v\u00e1rias trilhas. Caminhando por elas, \u00e9 poss\u00edvel observar esp\u00e9cimes nativos de flora e fauna, como macaco-prego, tucano-do-bico-verde e at\u00e9 mesmo um bicho-pregui\u00e7a. Voc\u00ea pode visitar o parque de segunda \u00e0 sexta-feira, das 8h \u00e0s 17h e para chegar, pode usar o transporte p\u00fablico ou ir de carro. Para saber mais, clique\u00a0<a href=\"http:\/\/www.ambiente.sp.gov.br\/parque-estadual-do-jaragua\/\">aqui.<\/a><\/p>\n<p>&nbsp;<\/p>\n<h2><strong>2.\u00a0Paranapiacaba<\/strong><\/h2>\n<p>&nbsp;<\/p>\n<p>A vila de Paranapiacaba, localizada na regi\u00e3o do ABC, surgiu por conta da constru\u00e7\u00e3o da primeira ferrovia do estado de S\u00e3o Paulo, em 1865. Ainda hoje \u00e9 poss\u00edvel fazer um passeio de trem para l\u00e1, partindo da capital (Esta\u00e7\u00e3o Luz).\u00a0Chegando \u00e0 cidade, seja de carro ou de trem, \u00e9 poss\u00edvel avistar a vila com casas tipicamente inglesas, constru\u00eddas para abrigar os funcion\u00e1rios da companhia de trens S\u00e3o Paulo Railway. O clima londrino fica completo quando a regi\u00e3o, que fica no alto da\u00a0Serra do Mar<em>,<\/em>\u00a0\u00e9 tomada por uma neblina, que costumeiramente aparece por l\u00e1.\u00a0Entre as principais atra\u00e7\u00f5es de Paranapiacaba est\u00e3o o\u00a0Clube Uni\u00e3o Lira<em> Serrano<\/em>, que oferece bailes e espet\u00e1culos musicais; o antigo Mercado, um emp\u00f3rio que foi transformado em centro cultural; e o Museu Castelinho, principal\u00a0projeto arquitet\u00f4nico da vila que, al\u00e9m de abrigar mobili\u00e1rio, quadros, rel\u00f3gios e fotos, oferece vista privilegiada. Al\u00e9m disso, voc\u00ea ainda pode passear pelas belas trilhas e tomar um banho em uma das cachoeiras da vila.\u00a0Para saber mais, clique\u00a0<a href=\"http:\/\/www2.santoandre.sp.gov.br\/index.php\/paranapiacaba\">aqui.<\/a><\/p>\n<p>&nbsp;<\/p>\n<h2><strong>3.\u00a0Parque Estadual da Cantareira<\/strong><\/h2>\n<h3><\/h3>\n<p>Esse parque est\u00e1 dividido em 4 n\u00facleos e \u00e9 apenas uma parta da enorme \u00e1rea da Serra da Cantareira. Considerado uma das maiores florestas urbanas do mundo, o\u00a0Parque Estadual da Cantareira\u00a0oferece uma vista \u00fanica da cidade para quem se disp\u00f5es a fazer uma trilha de tr\u00eas horas no n\u00facleo Pedra Grande. Esse n\u00facleo ainda conta com outras trilhas menores e um museu. J\u00e1 o lindo\u00a0N\u00facleo Engordador\u00a0tamb\u00e9m conta com diversas trilhas, animais nativos, represas e cachoeiras, al\u00e9m da Casa da Bomba, uma constru\u00e7\u00e3o que mostra como era realizada a distribui\u00e7\u00e3o de \u00e1gua no come\u00e7o do s\u00e9culo passado. Os outros n\u00facleos que completam o Parque s\u00e3o chamados de \u00c1guas Claras e Cabu\u00e7u. Ah, ainda tem uma \u00e1rea de piquenique para voc\u00ea fazer uma pausa, comer e repor as energias. Para mais informa\u00e7\u00f5es clique\u00a0<a href=\"http:\/\/www.ambiente.sp.gov.br\/parque-da-cantareira\/\">aqui.<\/a><\/p>\n<p>&nbsp;<\/p>\n<h2><strong>4.\u00a0Horto Florestal<\/strong><\/h2>\n<p>Localizado na zona norte, o Horto Florestal foi criado h\u00e1 120 anos, por um naturalista e bot\u00e2nico sueco. \u00a0O Parque conta com in\u00fameras esp\u00e9cies ex\u00f3ticas e nativas, como pau-brasil, jatob\u00e1 e outras. Algumas das \u00e1rvores s\u00e3o centen\u00e1rias e apresentam belas e profundas ra\u00edzes, que mais parecem esculturas. Passeando por l\u00e1, \u00e9 comum observar bandos de tucanos, maritacas, jacus, capivaras, esquilos, bugios, macacos-prego, gar\u00e7as, soc\u00f3, mergulh\u00f5es.\u00a0N\u00e3o faltam lagos e bicas d\u2019\u00e1gua pot\u00e1vel que brotam do solo, al\u00e9m de belas alamedas, que proporcionam ao visitante um espa\u00e7o para pr\u00e1ticas esportivas e piqueniques. O Horto Florestal \u00e9 um \u00f3timo lugar para ir com a fam\u00edlia, pois conta com a estrutura de Parque Infantil, Campo de Futebol e Frald\u00e1rio. Para saber mais sobre hor\u00e1rios de funcionamento e localiza\u00e7\u00e3o, clique <a href=\"http:\/\/hortoflorestal.sp.gov.br\/visitacao\/\">aqui.<\/a><\/p>\n<p>&nbsp;<\/p>\n<h2><strong>5.\u00a0Jardim Bot\u00e2nico<\/strong><\/h2>\n<p>As duas estufas s\u00e3o a marca do Jardim Bot\u00e2nico de S\u00e3o Paulo: uma delas abriga plantas t\u00edpicas da mata atl\u00e2ntica, enquanto a outra \u00e9 destinada a exposi\u00e7\u00f5es tempor\u00e1rias.\u00a0O espa\u00e7o conta ainda com uma biblioteca, com um acervo \u00fanico sobre bot\u00e2nica, al\u00e9m de um Museu, com diversas amostras de plantas da flora brasileira. \u00c9 poss\u00edvel passar o dia todo no Jardim, j\u00e1 que ele conta com restaurantes e tamb\u00e9m com \u00e1rea de piquenique. Para quem gosta de hist\u00f3ria, \u00e9 poss\u00edvel conferir por l\u00e1 tamb\u00e9m o port\u00e3o constru\u00eddo em 1894, que pertenceu \u00e0 reparti\u00e7\u00e3o de \u00c1guas e Esgotos at\u00e9 1928, al\u00e9m de poder ver o marco das nascentes do rio Ipiranga.\u00a0Para mais informa\u00e7\u00f5es, clique <a href=\"http:\/\/www.saopaulo.sp.gov.br\/conhecasp\/turismo_parques_jardim-botanico\">aqui.<\/a><\/p>\n","protected":false},"excerpt":{"rendered":"<p>Natureza em SP Quem vive em S\u00e3o Paulo ou pelo menos j\u00e1 visitou a grande selva de pedra sabe que muitas vezes faz falta desacelerar o ritmo e estar mais em contato com o verde. Para quem n\u00e3o sabe, S\u00e3o Paulo conta com belos parques e reservas, e pode oferecer momentos incr\u00edveis na natureza para voc\u00ea. Selecionamos 5 lugares que s\u00e3o um o\u00e1sis no meio da correria do dia a dia. Vamos conhecer? 1.\u00a0Pico do Jaragu\u00e1 Localizado na Zona Oeste da capital, o Parque Estadual do Jaragu\u00e1, mais conhecido pelo seu Pico, oferece umas das melhores vistas panor\u00e2micas de S\u00e3o Paulo. No final do s\u00e9culo XIX, o Parque do Jaragu\u00e1 funcionava como uma fazenda do ciclo de ouro. Fundado apenas em maio de 1961 como um Parque, ainda hoje \u00e9 poss\u00edvel observar por l\u00e1 alguns casar\u00f5es que foram constru\u00eddos na \u00e9poca da explora\u00e7\u00e3o do ouro.\u00a0Para quem tem esp\u00edrito aventureiro, o Parque ainda conta com v\u00e1rias trilhas. Caminhando por elas, \u00e9 poss\u00edvel observar esp\u00e9cimes nativos de flora e fauna, como macaco-prego, tucano-do-bico-verde e at\u00e9 mesmo um bicho-pregui\u00e7a. Voc\u00ea pode visitar o parque de segunda \u00e0 sexta-feira, das 8h \u00e0s 17h e para chegar, pode usar o transporte p\u00fablico ou ir de [&hellip;]<\/p>\n","protected":false},"author":3,"featured_media":20814,"comment_status":"closed","ping_status":"closed","sticky":false,"template":"","format":"standard","meta":{"footnotes":""},"categories":[39,48],"tags":[],"yoast_head":"<!-- This site is optimized with the Yoast SEO plugin v21.7 - https:\/\/yoast.com\/wordpress\/plugins\/seo\/ -->\n<title>5 lugares em S\u00e3o Paulo para ficar mais perto da natureza | Europa<\/title>\n<meta name=\"description\" content=\"Natureza em SP - Quem vive em S\u00e3o Paulo ou pelo menos j\u00e1 visitou a grande selva de pedra sabe que faz falta estar em contato com o verde.\" \/>\n<meta name=\"robots\" content=\"index, follow, max-snippet:-1, max-image-preview:large, max-video-preview:-1\" \/>\n<link rel=\"canonical\" href=\"https:\/\/www.institucional.europa.com.br\/blog\/ficar-mais-perto-da-natureza\/\" \/>\n<meta property=\"og:locale\" content=\"pt_BR\" \/>\n<meta property=\"og:type\" content=\"article\" \/>\n<meta property=\"og:title\" content=\"5 lugares em S\u00e3o Paulo para ficar mais perto da natureza | Europa\" \/>\n<meta property=\"og:description\" content=\"Natureza em SP - Quem vive em S\u00e3o Paulo ou pelo menos j\u00e1 visitou a grande selva de pedra sabe que faz falta estar em contato com o verde.\" \/>\n<meta property=\"og:url\" content=\"https:\/\/www.institucional.europa.com.br\/blog\/ficar-mais-perto-da-natureza\/\" \/>\n<meta property=\"og:site_name\" content=\"Europa\" \/>\n<meta property=\"article:publisher\" content=\"https:\/\/www.facebook.com\/europapurificadores\" \/>\n<meta property=\"article:published_time\" content=\"2016-04-01T17:03:17+00:00\" \/>\n<meta property=\"article:modified_time\" content=\"2022-12-27T14:40:02+00:00\" \/>\n<meta property=\"og:image\" content=\"https:\/\/www.institucional.europa.com.br\/blog\/wp-content\/uploads\/2016\/04\/trilheiros-net-e1672151997703.jpeg\" \/>\n\t<meta property=\"og:image:width\" content=\"1001\" \/>\n\t<meta property=\"og:image:height\" content=\"662\" \/>\n\t<meta property=\"og:image:type\" content=\"image\/jpeg\" \/>\n<meta name=\"author\" content=\"Andreo\" \/>\n<meta name=\"twitter:card\" content=\"summary_large_image\" \/>\n<meta name=\"twitter:label1\" content=\"Escrito por\" \/>\n\t<meta name=\"twitter:data1\" content=\"Andreo\" \/>\n\t<meta name=\"twitter:label2\" content=\"Est. tempo de leitura\" \/>\n\t<meta name=\"twitter:data2\" content=\"5 minutos\" \/>\n<script type=\"application\/ld+json\" class=\"yoast-schema-graph\">{\"@context\":\"https:\/\/schema.org\",\"@graph\":[{\"@type\":\"Article\",\"@id\":\"https:\/\/www.institucional.europa.com.br\/blog\/ficar-mais-perto-da-natureza\/#article\",\"isPartOf\":{\"@id\":\"https:\/\/www.institucional.europa.com.br\/blog\/ficar-mais-perto-da-natureza\/\"},\"author\":{\"name\":\"Andreo\",\"@id\":\"https:\/\/www.institucional.europa.com.br\/blog\/#\/schema\/person\/68b8a5946bf87d89a3c20f78f2519a18\"},\"headline\":\"Conhe\u00e7a 5 lugares em S\u00e3o Paulo que v\u00e3o te fazer ficar mais perto da natureza.\",\"datePublished\":\"2016-04-01T17:03:17+00:00\",\"dateModified\":\"2022-12-27T14:40:02+00:00\",\"mainEntityOfPage\":{\"@id\":\"https:\/\/www.institucional.europa.com.br\/blog\/ficar-mais-perto-da-natureza\/\"},\"wordCount\":860,\"publisher\":{\"@id\":\"https:\/\/www.institucional.europa.com.br\/blog\/#organization\"},\"articleSection\":[\"Cultura \u00c1gua\",\"Todos\"],\"inLanguage\":\"pt-BR\"},{\"@type\":\"WebPage\",\"@id\":\"https:\/\/www.institucional.europa.com.br\/blog\/ficar-mais-perto-da-natureza\/\",\"url\":\"https:\/\/www.institucional.europa.com.br\/blog\/ficar-mais-perto-da-natureza\/\",\"name\":\"5 lugares em S\u00e3o Paulo para ficar mais perto da natureza | Europa\",\"isPartOf\":{\"@id\":\"https:\/\/www.institucional.europa.com.br\/blog\/#website\"},\"datePublished\":\"2016-04-01T17:03:17+00:00\",\"dateModified\":\"2022-12-27T14:40:02+00:00\",\"description\":\"Natureza em SP - Quem vive em S\u00e3o Paulo ou pelo menos j\u00e1 visitou a grande selva de pedra sabe que faz falta estar em contato com o verde.\",\"breadcrumb\":{\"@id\":\"https:\/\/www.institucional.europa.com.br\/blog\/ficar-mais-perto-da-natureza\/#breadcrumb\"},\"inLanguage\":\"pt-BR\",\"potentialAction\":[{\"@type\":\"ReadAction\",\"target\":[\"https:\/\/www.institucional.europa.com.br\/blog\/ficar-mais-perto-da-natureza\/\"]}]},{\"@type\":\"BreadcrumbList\",\"@id\":\"https:\/\/www.institucional.europa.com.br\/blog\/ficar-mais-perto-da-natureza\/#breadcrumb\",\"itemListElement\":[{\"@type\":\"ListItem\",\"position\":1,\"name\":\"In\u00edcio\",\"item\":\"https:\/\/www.institucional.europa.com.br\/blog\/\"},{\"@type\":\"ListItem\",\"position\":2,\"name\":\"Conhe\u00e7a 5 lugares em S\u00e3o Paulo que v\u00e3o te fazer ficar mais perto da natureza.\"}]},{\"@type\":\"WebSite\",\"@id\":\"https:\/\/www.institucional.europa.com.br\/blog\/#website\",\"url\":\"https:\/\/www.institucional.europa.com.br\/blog\/\",\"name\":\"Purificadores Europa\",\"description\":\"O mundo precisa de mais pureza\",\"publisher\":{\"@id\":\"https:\/\/www.institucional.europa.com.br\/blog\/#organization\"},\"potentialAction\":[{\"@type\":\"SearchAction\",\"target\":{\"@type\":\"EntryPoint\",\"urlTemplate\":\"https:\/\/www.institucional.europa.com.br\/blog\/?s={search_term_string}\"},\"query-input\":\"required name=search_term_string\"}],\"inLanguage\":\"pt-BR\"},{\"@type\":\"Organization\",\"@id\":\"https:\/\/www.institucional.europa.com.br\/blog\/#organization\",\"name\":\"Purificadores Europa\",\"url\":\"https:\/\/www.institucional.europa.com.br\/blog\/\",\"logo\":{\"@type\":\"ImageObject\",\"inLanguage\":\"pt-BR\",\"@id\":\"https:\/\/www.institucional.europa.com.br\/blog\/#\/schema\/logo\/image\/\",\"url\":\"https:\/\/europa.com.br\/blog\/wp-content\/uploads\/2018\/08\/logo.png\",\"contentUrl\":\"https:\/\/europa.com.br\/blog\/wp-content\/uploads\/2018\/08\/logo.png\",\"width\":200,\"height\":49,\"caption\":\"Purificadores Europa\"},\"image\":{\"@id\":\"https:\/\/www.institucional.europa.com.br\/blog\/#\/schema\/logo\/image\/\"},\"sameAs\":[\"https:\/\/www.facebook.com\/europapurificadores\",\"https:\/\/www.instagram.com\/purificadoreseuropa_oficial\/\",\"https:\/\/www.youtube.com\/channel\/UCp62KWK-tLexf61dOiO3ZaQ\"]},{\"@type\":\"Person\",\"@id\":\"https:\/\/www.institucional.europa.com.br\/blog\/#\/schema\/person\/68b8a5946bf87d89a3c20f78f2519a18\",\"name\":\"Andreo\"}]}<\/script>\n<!-- \/ Yoast SEO plugin. -->","yoast_head_json":{"title":"5 lugares em S\u00e3o Paulo para ficar mais perto da natureza | Europa","description":"Natureza em SP - Quem vive em S\u00e3o Paulo ou pelo menos j\u00e1 visitou a grande selva de pedra sabe que faz falta estar em contato com o verde.","robots":{"index":"index","follow":"follow","max-snippet":"max-snippet:-1","max-image-preview":"max-image-preview:large","max-video-preview":"max-video-preview:-1"},"canonical":"https:\/\/www.institucional.europa.com.br\/blog\/ficar-mais-perto-da-natureza\/","og_locale":"pt_BR","og_type":"article","og_title":"5 lugares em S\u00e3o Paulo para ficar mais perto da natureza | Europa","og_description":"Natureza em SP - Quem vive em S\u00e3o Paulo ou pelo menos j\u00e1 visitou a grande selva de pedra sabe que faz falta estar em contato com o verde.","og_url":"https:\/\/www.institucional.europa.com.br\/blog\/ficar-mais-perto-da-natureza\/","og_site_name":"Europa","article_publisher":"https:\/\/www.facebook.com\/europapurificadores","article_published_time":"2016-04-01T17:03:17+00:00","article_modified_time":"2022-12-27T14:40:02+00:00","og_image":[{"width":1001,"height":662,"url":"https:\/\/www.institucional.europa.com.br\/blog\/wp-content\/uploads\/2016\/04\/trilheiros-net-e1672151997703.jpeg","type":"image\/jpeg"}],"author":"Andreo","twitter_card":"summary_large_image","twitter_misc":{"Escrito por":"Andreo","Est. tempo de leitura":"5 minutos"},"schema":{"@context":"https:\/\/schema.org","@graph":[{"@type":"Article","@id":"https:\/\/www.institucional.europa.com.br\/blog\/ficar-mais-perto-da-natureza\/#article","isPartOf":{"@id":"https:\/\/www.institucional.europa.com.br\/blog\/ficar-mais-perto-da-natureza\/"},"author":{"name":"Andreo","@id":"https:\/\/www.institucional.europa.com.br\/blog\/#\/schema\/person\/68b8a5946bf87d89a3c20f78f2519a18"},"headline":"Conhe\u00e7a 5 lugares em S\u00e3o Paulo que v\u00e3o te fazer ficar mais perto da natureza.","datePublished":"2016-04-01T17:03:17+00:00","dateModified":"2022-12-27T14:40:02+00:00","mainEntityOfPage":{"@id":"https:\/\/www.institucional.europa.com.br\/blog\/ficar-mais-perto-da-natureza\/"},"wordCount":860,"publisher":{"@id":"https:\/\/www.institucional.europa.com.br\/blog\/#organization"},"articleSection":["Cultura \u00c1gua","Todos"],"inLanguage":"pt-BR"},{"@type":"WebPage","@id":"https:\/\/www.institucional.europa.com.br\/blog\/ficar-mais-perto-da-natureza\/","url":"https:\/\/www.institucional.europa.com.br\/blog\/ficar-mais-perto-da-natureza\/","name":"5 lugares em S\u00e3o Paulo para ficar mais perto da natureza | Europa","isPartOf":{"@id":"https:\/\/www.institucional.europa.com.br\/blog\/#website"},"datePublished":"2016-04-01T17:03:17+00:00","dateModified":"2022-12-27T14:40:02+00:00","description":"Natureza em SP - Quem vive em S\u00e3o Paulo ou pelo menos j\u00e1 visitou a grande selva de pedra sabe que faz falta estar em contato com o verde.","breadcrumb":{"@id":"https:\/\/www.institucional.europa.com.br\/blog\/ficar-mais-perto-da-natureza\/#breadcrumb"},"inLanguage":"pt-BR","potentialAction":[{"@type":"ReadAction","target":["https:\/\/www.institucional.europa.com.br\/blog\/ficar-mais-perto-da-natureza\/"]}]},{"@type":"BreadcrumbList","@id":"https:\/\/www.institucional.europa.com.br\/blog\/ficar-mais-perto-da-natureza\/#breadcrumb","itemListElement":[{"@type":"ListItem","position":1,"name":"In\u00edcio","item":"https:\/\/www.institucional.europa.com.br\/blog\/"},{"@type":"ListItem","position":2,"name":"Conhe\u00e7a 5 lugares em S\u00e3o Paulo que v\u00e3o te fazer ficar mais perto da natureza."}]},{"@type":"WebSite","@id":"https:\/\/www.institucional.europa.com.br\/blog\/#website","url":"https:\/\/www.institucional.europa.com.br\/blog\/","name":"Purificadores Europa","description":"O mundo precisa de mais pureza","publisher":{"@id":"https:\/\/www.institucional.europa.com.br\/blog\/#organization"},"potentialAction":[{"@type":"SearchAction","target":{"@type":"EntryPoint","urlTemplate":"https:\/\/www.institucional.europa.com.br\/blog\/?s={search_term_string}"},"query-input":"required name=search_term_string"}],"inLanguage":"pt-BR"},{"@type":"Organization","@id":"https:\/\/www.institucional.europa.com.br\/blog\/#organization","name":"Purificadores Europa","url":"https:\/\/www.institucional.europa.com.br\/blog\/","logo":{"@type":"ImageObject","inLanguage":"pt-BR","@id":"https:\/\/www.institucional.europa.com.br\/blog\/#\/schema\/logo\/image\/","url":"https:\/\/europa.com.br\/blog\/wp-content\/uploads\/2018\/08\/logo.png","contentUrl":"https:\/\/europa.com.br\/blog\/wp-content\/uploads\/2018\/08\/logo.png","width":200,"height":49,"caption":"Purificadores Europa"},"image":{"@id":"https:\/\/www.institucional.europa.com.br\/blog\/#\/schema\/logo\/image\/"},"sameAs":["https:\/\/www.facebook.com\/europapurificadores","https:\/\/www.instagram.com\/purificadoreseuropa_oficial\/","https:\/\/www.youtube.com\/channel\/UCp62KWK-tLexf61dOiO3ZaQ"]},{"@type":"Person","@id":"https:\/\/www.institucional.europa.com.br\/blog\/#\/schema\/person\/68b8a5946bf87d89a3c20f78f2519a18","name":"Andreo"}]}},"_links":{"self":[{"href":"https:\/\/www.institucional.europa.com.br\/blog\/wp-json\/wp\/v2\/posts\/18363"}],"collection":[{"href":"https:\/\/www.institucional.europa.com.br\/blog\/wp-json\/wp\/v2\/posts"}],"about":[{"href":"https:\/\/www.institucional.europa.com.br\/blog\/wp-json\/wp\/v2\/types\/post"}],"author":[{"embeddable":true,"href":"https:\/\/www.institucional.europa.com.br\/blog\/wp-json\/wp\/v2\/users\/3"}],"replies":[{"embeddable":true,"href":"https:\/\/www.institucional.europa.com.br\/blog\/wp-json\/wp\/v2\/comments?post=18363"}],"version-history":[{"count":0,"href":"https:\/\/www.institucional.europa.com.br\/blog\/wp-json\/wp\/v2\/posts\/18363\/revisions"}],"wp:featuredmedia":[{"embeddable":true,"href":"https:\/\/www.institucional.europa.com.br\/blog\/wp-json\/wp\/v2\/media\/20814"}],"wp:attachment":[{"href":"https:\/\/www.institucional.europa.com.br\/blog\/wp-json\/wp\/v2\/media?parent=18363"}],"wp:term":[{"taxonomy":"category","embeddable":true,"href":"https:\/\/www.institucional.europa.com.br\/blog\/wp-json\/wp\/v2\/categories?post=18363"},{"taxonomy":"post_tag","embeddable":true,"href":"https:\/\/www.institucional.europa.com.br\/blog\/wp-json\/wp\/v2\/tags?post=18363"}],"curies":[{"name":"wp","href":"https:\/\/api.w.org\/{rel}","templated":true}]}}