{"id":18360,"date":"2016-04-02T13:59:24","date_gmt":"2016-04-02T16:59:24","guid":{"rendered":"https:\/\/europa.com.br\/?p=18360"},"modified":"2022-12-27T11:35:49","modified_gmt":"2022-12-27T14:35:49","slug":"transformar-ar-em-agua-potavel","status":"publish","type":"post","link":"https:\/\/www.institucional.europa.com.br\/blog\/transformar-ar-em-agua-potavel\/","title":{"rendered":"Ciclistas ganham uma aliada na hidrata\u00e7\u00e3o: a garrafa que transforma ar em \u00e1gua pot\u00e1vel"},"content":{"rendered":"<h2>Ar em \u00e1gua<\/h2>\n<p>\u00c9 muito importante que os ciclistas mantenham-se hidratados enquanto est\u00e3o praticando atividades f\u00edsicas. Em 2014, o designer austr\u00edaco Kristof Retez\u00e1r criou um aparato que torna a vida dos ciclistas mais f\u00e1cil e mais sustent\u00e1vel: a Fontus, uma garrafa que se enche de \u00e1gua sozinha.<\/p>\n<p>A Fontus surgiu primeiramente como uma alternativa para ajudar as pessoas que moram em regi\u00f5es em que h\u00e1 escassez de \u00e1gua. O dispositivo funciona de maneira muito simples e natural, j\u00e1 que se utiliza do processo de condensa\u00e7\u00e3o da umidade que est\u00e1 no ar.<\/p>\n<p>Adaptada para a pr\u00e1tica esportiva, com os ciclistas a Fontus funciona assim: o ar \u00famido \u00e9 captado enquanto eles pedalam e entra no aparelho. L\u00e1 dentro, ele se colide com uma s\u00e9rie de relevos, que atuam como obst\u00e1culos para reduzir bruscamente a velocidade deste o fluxo de ar. Desta forma, o vapor se condensa e se transforma em pequenas gotas d\u2019\u00e1gua.<\/p>\n<p>&nbsp;<\/p>\n<p>E o que a bicicleta tem a ver com tudo isso? O papel dela \u00e9 o de pressurizar bem a entrada do ar, para que uma quantidade de \u00e1gua relevante possa ser capturada. Como toda essa estrutura do condensador\u00a0necessita de energia el\u00e9trica para seu funcionamento, a Fontus j\u00e1 vem com um pequeno m\u00f3dulo solar instalado na parte de cima da garrafa, que j\u00e1 \u00e9 o suficiente para dar autonomia para a bateria embutida. O dispositivo pode obter at\u00e9 0,5 litro d&#8217;\u00e1gua em apenas uma hora se as condi\u00e7\u00f5es meteorol\u00f3gicas forem justas e em at\u00e9 30 minutos em condi\u00e7\u00f5es ideais, com a umidade relativa do ar em 80% ou 90%.<\/p>\n<p>&nbsp;<\/p>\n<p>Em termos de purifica\u00e7\u00e3o de \u00e1gua, a Fontus consegue filtrar macroestruturas, como insetos e poeira, entretanto micropart\u00edculas ainda n\u00e3o s\u00e3o retidas com 100% de precis\u00e3o. A \u00e1gua da Fontus \u00e9 retirada do ar e \u00e9 pr\u00f3pria para beber, mas sua qualidade ainda pode melhorar muito e a inten\u00e7\u00e3o do designer \u00e9 corrigir esses pontos at\u00e9 a vers\u00e3o final. A chegada da garrafa ao mercado est\u00e1 prevista para o segundo semestre de 2016, e o produto ir\u00e1 custar cerca de 100 d\u00f3lares. Al\u00e9m de serem usadas na pr\u00e1tica esportiva, as bicicletas t\u00eam se tornado um meio de transporte cada vez mais comum em muitas cidades pelo mundo e a Fontus surge como uma importante alternativa sustent\u00e1vel para a hidrata\u00e7\u00e3o.<\/p>\n<p>E voc\u00ea, o que achou da novidade?<\/p>\n<p>&nbsp;<\/p>\n","protected":false},"excerpt":{"rendered":"<p>Ar em \u00e1gua \u00c9 muito importante que os ciclistas mantenham-se hidratados enquanto est\u00e3o praticando atividades f\u00edsicas. Em 2014, o designer austr\u00edaco Kristof Retez\u00e1r criou um aparato que torna a vida dos ciclistas mais f\u00e1cil e mais sustent\u00e1vel: a Fontus, uma garrafa que se enche de \u00e1gua sozinha. A Fontus surgiu primeiramente como uma alternativa para ajudar as pessoas que moram em regi\u00f5es em que h\u00e1 escassez de \u00e1gua. O dispositivo funciona de maneira muito simples e natural, j\u00e1 que se utiliza do processo de condensa\u00e7\u00e3o da umidade que est\u00e1 no ar. Adaptada para a pr\u00e1tica esportiva, com os ciclistas a Fontus funciona assim: o ar \u00famido \u00e9 captado enquanto eles pedalam e entra no aparelho. L\u00e1 dentro, ele se colide com uma s\u00e9rie de relevos, que atuam como obst\u00e1culos para reduzir bruscamente a velocidade deste o fluxo de ar. Desta forma, o vapor se condensa e se transforma em pequenas gotas d\u2019\u00e1gua. &nbsp; E o que a bicicleta tem a ver com tudo isso? O papel dela \u00e9 o de pressurizar bem a entrada do ar, para que uma quantidade de \u00e1gua relevante possa ser capturada. Como toda essa estrutura do condensador\u00a0necessita de energia el\u00e9trica para seu funcionamento, a Fontus [&hellip;]<\/p>\n","protected":false},"author":3,"featured_media":20813,"comment_status":"closed","ping_status":"closed","sticky":false,"template":"","format":"standard","meta":{"footnotes":""},"categories":[1,40,48],"tags":[],"yoast_head":"<!-- This site is optimized with the Yoast SEO plugin v21.7 - https:\/\/yoast.com\/wordpress\/plugins\/seo\/ -->\n<title>Garrafa que transforma ar em \u00e1gua pot\u00e1vel | Purificadores Europa<\/title>\n<meta name=\"description\" content=\"Ar em \u00e1gua - Em 2014, o designer austr\u00edaco Kristof Retez\u00e1r criou um aparato que torna a vida dos ciclistas mais f\u00e1cil e mais sustent\u00e1vel: a Fontus\" \/>\n<meta name=\"robots\" content=\"index, follow, max-snippet:-1, max-image-preview:large, max-video-preview:-1\" \/>\n<link rel=\"canonical\" href=\"https:\/\/www.institucional.europa.com.br\/blog\/transformar-ar-em-agua-potavel\/\" \/>\n<meta property=\"og:locale\" content=\"pt_BR\" \/>\n<meta property=\"og:type\" content=\"article\" \/>\n<meta property=\"og:title\" content=\"Garrafa que transforma ar em \u00e1gua pot\u00e1vel | Purificadores Europa\" \/>\n<meta property=\"og:description\" content=\"Ar em \u00e1gua - Em 2014, o designer austr\u00edaco Kristof Retez\u00e1r criou um aparato que torna a vida dos ciclistas mais f\u00e1cil e mais sustent\u00e1vel: a Fontus\" \/>\n<meta property=\"og:url\" content=\"https:\/\/www.institucional.europa.com.br\/blog\/transformar-ar-em-agua-potavel\/\" \/>\n<meta property=\"og:site_name\" content=\"Europa\" \/>\n<meta property=\"article:publisher\" content=\"https:\/\/www.facebook.com\/europapurificadores\" \/>\n<meta property=\"article:published_time\" content=\"2016-04-02T16:59:24+00:00\" \/>\n<meta property=\"article:modified_time\" content=\"2022-12-27T14:35:49+00:00\" \/>\n<meta property=\"og:image\" content=\"https:\/\/www.institucional.europa.com.br\/blog\/wp-content\/uploads\/2016\/04\/CICLISTA.png\" \/>\n\t<meta property=\"og:image:width\" content=\"700\" \/>\n\t<meta property=\"og:image:height\" content=\"466\" \/>\n\t<meta property=\"og:image:type\" content=\"image\/png\" \/>\n<meta name=\"author\" content=\"Andreo\" \/>\n<meta name=\"twitter:card\" content=\"summary_large_image\" \/>\n<meta name=\"twitter:label1\" content=\"Escrito por\" \/>\n\t<meta name=\"twitter:data1\" content=\"Andreo\" \/>\n\t<meta name=\"twitter:label2\" content=\"Est. tempo de leitura\" \/>\n\t<meta name=\"twitter:data2\" content=\"3 minutos\" \/>\n<script type=\"application\/ld+json\" class=\"yoast-schema-graph\">{\"@context\":\"https:\/\/schema.org\",\"@graph\":[{\"@type\":\"Article\",\"@id\":\"https:\/\/www.institucional.europa.com.br\/blog\/transformar-ar-em-agua-potavel\/#article\",\"isPartOf\":{\"@id\":\"https:\/\/www.institucional.europa.com.br\/blog\/transformar-ar-em-agua-potavel\/\"},\"author\":{\"name\":\"Andreo\",\"@id\":\"https:\/\/www.institucional.europa.com.br\/blog\/#\/schema\/person\/68b8a5946bf87d89a3c20f78f2519a18\"},\"headline\":\"Ciclistas ganham uma aliada na hidrata\u00e7\u00e3o: a garrafa que transforma ar em \u00e1gua pot\u00e1vel\",\"datePublished\":\"2016-04-02T16:59:24+00:00\",\"dateModified\":\"2022-12-27T14:35:49+00:00\",\"mainEntityOfPage\":{\"@id\":\"https:\/\/www.institucional.europa.com.br\/blog\/transformar-ar-em-agua-potavel\/\"},\"wordCount\":423,\"publisher\":{\"@id\":\"https:\/\/www.institucional.europa.com.br\/blog\/#organization\"},\"articleSection\":[\"Como Ser Mais Sustent\u00e1vel\",\"N\u00e3o \u00e9 S\u00f3 Uma Gota No Oceano\",\"Todos\"],\"inLanguage\":\"pt-BR\"},{\"@type\":\"WebPage\",\"@id\":\"https:\/\/www.institucional.europa.com.br\/blog\/transformar-ar-em-agua-potavel\/\",\"url\":\"https:\/\/www.institucional.europa.com.br\/blog\/transformar-ar-em-agua-potavel\/\",\"name\":\"Garrafa que transforma ar em \u00e1gua pot\u00e1vel | Purificadores Europa\",\"isPartOf\":{\"@id\":\"https:\/\/www.institucional.europa.com.br\/blog\/#website\"},\"datePublished\":\"2016-04-02T16:59:24+00:00\",\"dateModified\":\"2022-12-27T14:35:49+00:00\",\"description\":\"Ar em \u00e1gua - Em 2014, o designer austr\u00edaco Kristof Retez\u00e1r criou um aparato que torna a vida dos ciclistas mais f\u00e1cil e mais sustent\u00e1vel: a Fontus\",\"breadcrumb\":{\"@id\":\"https:\/\/www.institucional.europa.com.br\/blog\/transformar-ar-em-agua-potavel\/#breadcrumb\"},\"inLanguage\":\"pt-BR\",\"potentialAction\":[{\"@type\":\"ReadAction\",\"target\":[\"https:\/\/www.institucional.europa.com.br\/blog\/transformar-ar-em-agua-potavel\/\"]}]},{\"@type\":\"BreadcrumbList\",\"@id\":\"https:\/\/www.institucional.europa.com.br\/blog\/transformar-ar-em-agua-potavel\/#breadcrumb\",\"itemListElement\":[{\"@type\":\"ListItem\",\"position\":1,\"name\":\"In\u00edcio\",\"item\":\"https:\/\/www.institucional.europa.com.br\/blog\/\"},{\"@type\":\"ListItem\",\"position\":2,\"name\":\"Ciclistas ganham uma aliada na hidrata\u00e7\u00e3o: a garrafa que transforma ar em \u00e1gua pot\u00e1vel\"}]},{\"@type\":\"WebSite\",\"@id\":\"https:\/\/www.institucional.europa.com.br\/blog\/#website\",\"url\":\"https:\/\/www.institucional.europa.com.br\/blog\/\",\"name\":\"Purificadores Europa\",\"description\":\"O mundo precisa de mais pureza\",\"publisher\":{\"@id\":\"https:\/\/www.institucional.europa.com.br\/blog\/#organization\"},\"potentialAction\":[{\"@type\":\"SearchAction\",\"target\":{\"@type\":\"EntryPoint\",\"urlTemplate\":\"https:\/\/www.institucional.europa.com.br\/blog\/?s={search_term_string}\"},\"query-input\":\"required name=search_term_string\"}],\"inLanguage\":\"pt-BR\"},{\"@type\":\"Organization\",\"@id\":\"https:\/\/www.institucional.europa.com.br\/blog\/#organization\",\"name\":\"Purificadores Europa\",\"url\":\"https:\/\/www.institucional.europa.com.br\/blog\/\",\"logo\":{\"@type\":\"ImageObject\",\"inLanguage\":\"pt-BR\",\"@id\":\"https:\/\/www.institucional.europa.com.br\/blog\/#\/schema\/logo\/image\/\",\"url\":\"https:\/\/europa.com.br\/blog\/wp-content\/uploads\/2018\/08\/logo.png\",\"contentUrl\":\"https:\/\/europa.com.br\/blog\/wp-content\/uploads\/2018\/08\/logo.png\",\"width\":200,\"height\":49,\"caption\":\"Purificadores Europa\"},\"image\":{\"@id\":\"https:\/\/www.institucional.europa.com.br\/blog\/#\/schema\/logo\/image\/\"},\"sameAs\":[\"https:\/\/www.facebook.com\/europapurificadores\",\"https:\/\/www.instagram.com\/purificadoreseuropa_oficial\/\",\"https:\/\/www.youtube.com\/channel\/UCp62KWK-tLexf61dOiO3ZaQ\"]},{\"@type\":\"Person\",\"@id\":\"https:\/\/www.institucional.europa.com.br\/blog\/#\/schema\/person\/68b8a5946bf87d89a3c20f78f2519a18\",\"name\":\"Andreo\"}]}<\/script>\n<!-- \/ Yoast SEO plugin. -->","yoast_head_json":{"title":"Garrafa que transforma ar em \u00e1gua pot\u00e1vel | Purificadores Europa","description":"Ar em \u00e1gua - Em 2014, o designer austr\u00edaco Kristof Retez\u00e1r criou um aparato que torna a vida dos ciclistas mais f\u00e1cil e mais sustent\u00e1vel: a Fontus","robots":{"index":"index","follow":"follow","max-snippet":"max-snippet:-1","max-image-preview":"max-image-preview:large","max-video-preview":"max-video-preview:-1"},"canonical":"https:\/\/www.institucional.europa.com.br\/blog\/transformar-ar-em-agua-potavel\/","og_locale":"pt_BR","og_type":"article","og_title":"Garrafa que transforma ar em \u00e1gua pot\u00e1vel | Purificadores Europa","og_description":"Ar em \u00e1gua - Em 2014, o designer austr\u00edaco Kristof Retez\u00e1r criou um aparato que torna a vida dos ciclistas mais f\u00e1cil e mais sustent\u00e1vel: a Fontus","og_url":"https:\/\/www.institucional.europa.com.br\/blog\/transformar-ar-em-agua-potavel\/","og_site_name":"Europa","article_publisher":"https:\/\/www.facebook.com\/europapurificadores","article_published_time":"2016-04-02T16:59:24+00:00","article_modified_time":"2022-12-27T14:35:49+00:00","og_image":[{"width":700,"height":466,"url":"https:\/\/www.institucional.europa.com.br\/blog\/wp-content\/uploads\/2016\/04\/CICLISTA.png","type":"image\/png"}],"author":"Andreo","twitter_card":"summary_large_image","twitter_misc":{"Escrito por":"Andreo","Est. tempo de leitura":"3 minutos"},"schema":{"@context":"https:\/\/schema.org","@graph":[{"@type":"Article","@id":"https:\/\/www.institucional.europa.com.br\/blog\/transformar-ar-em-agua-potavel\/#article","isPartOf":{"@id":"https:\/\/www.institucional.europa.com.br\/blog\/transformar-ar-em-agua-potavel\/"},"author":{"name":"Andreo","@id":"https:\/\/www.institucional.europa.com.br\/blog\/#\/schema\/person\/68b8a5946bf87d89a3c20f78f2519a18"},"headline":"Ciclistas ganham uma aliada na hidrata\u00e7\u00e3o: a garrafa que transforma ar em \u00e1gua pot\u00e1vel","datePublished":"2016-04-02T16:59:24+00:00","dateModified":"2022-12-27T14:35:49+00:00","mainEntityOfPage":{"@id":"https:\/\/www.institucional.europa.com.br\/blog\/transformar-ar-em-agua-potavel\/"},"wordCount":423,"publisher":{"@id":"https:\/\/www.institucional.europa.com.br\/blog\/#organization"},"articleSection":["Como Ser Mais Sustent\u00e1vel","N\u00e3o \u00e9 S\u00f3 Uma Gota No Oceano","Todos"],"inLanguage":"pt-BR"},{"@type":"WebPage","@id":"https:\/\/www.institucional.europa.com.br\/blog\/transformar-ar-em-agua-potavel\/","url":"https:\/\/www.institucional.europa.com.br\/blog\/transformar-ar-em-agua-potavel\/","name":"Garrafa que transforma ar em \u00e1gua pot\u00e1vel | Purificadores Europa","isPartOf":{"@id":"https:\/\/www.institucional.europa.com.br\/blog\/#website"},"datePublished":"2016-04-02T16:59:24+00:00","dateModified":"2022-12-27T14:35:49+00:00","description":"Ar em \u00e1gua - Em 2014, o designer austr\u00edaco Kristof Retez\u00e1r criou um aparato que torna a vida dos ciclistas mais f\u00e1cil e mais sustent\u00e1vel: a Fontus","breadcrumb":{"@id":"https:\/\/www.institucional.europa.com.br\/blog\/transformar-ar-em-agua-potavel\/#breadcrumb"},"inLanguage":"pt-BR","potentialAction":[{"@type":"ReadAction","target":["https:\/\/www.institucional.europa.com.br\/blog\/transformar-ar-em-agua-potavel\/"]}]},{"@type":"BreadcrumbList","@id":"https:\/\/www.institucional.europa.com.br\/blog\/transformar-ar-em-agua-potavel\/#breadcrumb","itemListElement":[{"@type":"ListItem","position":1,"name":"In\u00edcio","item":"https:\/\/www.institucional.europa.com.br\/blog\/"},{"@type":"ListItem","position":2,"name":"Ciclistas ganham uma aliada na hidrata\u00e7\u00e3o: a garrafa que transforma ar em \u00e1gua pot\u00e1vel"}]},{"@type":"WebSite","@id":"https:\/\/www.institucional.europa.com.br\/blog\/#website","url":"https:\/\/www.institucional.europa.com.br\/blog\/","name":"Purificadores Europa","description":"O mundo precisa de mais pureza","publisher":{"@id":"https:\/\/www.institucional.europa.com.br\/blog\/#organization"},"potentialAction":[{"@type":"SearchAction","target":{"@type":"EntryPoint","urlTemplate":"https:\/\/www.institucional.europa.com.br\/blog\/?s={search_term_string}"},"query-input":"required name=search_term_string"}],"inLanguage":"pt-BR"},{"@type":"Organization","@id":"https:\/\/www.institucional.europa.com.br\/blog\/#organization","name":"Purificadores Europa","url":"https:\/\/www.institucional.europa.com.br\/blog\/","logo":{"@type":"ImageObject","inLanguage":"pt-BR","@id":"https:\/\/www.institucional.europa.com.br\/blog\/#\/schema\/logo\/image\/","url":"https:\/\/europa.com.br\/blog\/wp-content\/uploads\/2018\/08\/logo.png","contentUrl":"https:\/\/europa.com.br\/blog\/wp-content\/uploads\/2018\/08\/logo.png","width":200,"height":49,"caption":"Purificadores Europa"},"image":{"@id":"https:\/\/www.institucional.europa.com.br\/blog\/#\/schema\/logo\/image\/"},"sameAs":["https:\/\/www.facebook.com\/europapurificadores","https:\/\/www.instagram.com\/purificadoreseuropa_oficial\/","https:\/\/www.youtube.com\/channel\/UCp62KWK-tLexf61dOiO3ZaQ"]},{"@type":"Person","@id":"https:\/\/www.institucional.europa.com.br\/blog\/#\/schema\/person\/68b8a5946bf87d89a3c20f78f2519a18","name":"Andreo"}]}},"_links":{"self":[{"href":"https:\/\/www.institucional.europa.com.br\/blog\/wp-json\/wp\/v2\/posts\/18360"}],"collection":[{"href":"https:\/\/www.institucional.europa.com.br\/blog\/wp-json\/wp\/v2\/posts"}],"about":[{"href":"https:\/\/www.institucional.europa.com.br\/blog\/wp-json\/wp\/v2\/types\/post"}],"author":[{"embeddable":true,"href":"https:\/\/www.institucional.europa.com.br\/blog\/wp-json\/wp\/v2\/users\/3"}],"replies":[{"embeddable":true,"href":"https:\/\/www.institucional.europa.com.br\/blog\/wp-json\/wp\/v2\/comments?post=18360"}],"version-history":[{"count":0,"href":"https:\/\/www.institucional.europa.com.br\/blog\/wp-json\/wp\/v2\/posts\/18360\/revisions"}],"wp:featuredmedia":[{"embeddable":true,"href":"https:\/\/www.institucional.europa.com.br\/blog\/wp-json\/wp\/v2\/media\/20813"}],"wp:attachment":[{"href":"https:\/\/www.institucional.europa.com.br\/blog\/wp-json\/wp\/v2\/media?parent=18360"}],"wp:term":[{"taxonomy":"category","embeddable":true,"href":"https:\/\/www.institucional.europa.com.br\/blog\/wp-json\/wp\/v2\/categories?post=18360"},{"taxonomy":"post_tag","embeddable":true,"href":"https:\/\/www.institucional.europa.com.br\/blog\/wp-json\/wp\/v2\/tags?post=18360"}],"curies":[{"name":"wp","href":"https:\/\/api.w.org\/{rel}","templated":true}]}}