{"id":18291,"date":"2018-04-27T11:45:43","date_gmt":"2018-04-27T14:45:43","guid":{"rendered":"https:\/\/europa.com.br\/?p=18291"},"modified":"2021-07-02T18:14:52","modified_gmt":"2021-07-02T21:14:52","slug":"evite-engolir-agua-do-mar","status":"publish","type":"post","link":"https:\/\/www.institucional.europa.com.br\/blog\/evite-engolir-agua-do-mar\/","title":{"rendered":"Evite engolir \u00e1gua do mar nos mergulhos do ver\u00e3o | Europa"},"content":{"rendered":"<h2>Evite engolir \u00e1gua do mar<\/h2>\n<p>Quem gosta de dar um bom mergulho ou pratica alguma atividade esportiva no mar certamente j\u00e1 engoliu um pouco de \u00e1gua salgada. Muitas vezes, com ondas fortes, \u00e9 bastante complicado evitar essa situa\u00e7\u00e3o, mas, um estudo brit\u00e2nico revelou uma descoberta que vai incentivar todo mundo a manter a boca fechada quando entrar no mar.<\/p>\n<p>J\u00e1 se sabe a \u00e1gua do mar n\u00e3o \u00e9 pot\u00e1vel, que n\u00e3o deve ser consumida em fun\u00e7\u00e3o da elevada concentra\u00e7\u00e3o de sal que apresenta. Essa \u00e1gua \u00e9 rica em cloreto de s\u00f3dio, o mesmo sal que usamos para preparar alimentos, e esse excesso de sal no nosso corpo faz com que as c\u00e9lulas comecem a perder \u00e1gua por osmose, o que provoca\u00a0<a href=\"http:\/\/brasilescola.uol.com.br\/doencas\/desidratacao.htm\">desidrata\u00e7\u00e3o<\/a>. Al\u00e9m desse problema, a \u00e1gua do mar possui alguns outros sais que provocam irrita\u00e7\u00e3o intestinal. Essa irrita\u00e7\u00e3o pode desencadear quadros de diarreia e, consequentemente, levar \u00e0 perda de uma maior quantidade de \u00e1gua.<\/p>\n<p>Por\u00e9m, um estudo realizado por pesquisadores da Faculdade de Medicina da Universidade de Exeter, no Reino Unido, aponta que engolir \u00e1gua do mar com frequ\u00eancia pode aumentar a contamina\u00e7\u00e3o por superbact\u00e9rias. Neste cen\u00e1rio, os surfistas \u00e9 que est\u00e3o expostos a um risco 9 vezes maior.<\/p>\n<h3>Bact\u00e9rias<\/h3>\n<p>Este estudo comparou os resultados de bact\u00e9rias presentes no intestino de 300 pessoas: 150 delas t\u00eam o h\u00e1bito de surfar regularmente e as outras 150 praticavam poucas atividades no mar. Os resultados mostraram que 9% dos surfistas, em compara\u00e7\u00e3o com 3% das pessoas que n\u00e3o praticavam a atividade, carregavam uma esp\u00e9cie de\u00a0E. Coli (bact\u00e9ria presente nas fezes) resistente \u00e0\u00a0cefotaxima, antibi\u00f3tico comumente usado contra essa\u00a0bact\u00e9ria.<\/p>\n<p>Mesmo sendo uma amostra pequena e com uma porcentagem n\u00e3o muito expressiva, j\u00e1 \u00e9 poss\u00edvel encontrar uma rela\u00e7\u00e3o entre o aumento da resist\u00eancia ao antibi\u00f3tico com a quantidade de tempo gasto no mar. De acordo com os pesquisadores, antimicrobianos s\u00e3o comumente utilizados na medicina, agricultura e outras \u00e1reas p\u00fablicas e\u00a0as pr\u00e1ticas de tratamento de \u00e1guas e res\u00edduos podem transportar essas subst\u00e2ncias diretamente para o oceano, onde surfistas e banhistas podem estar expostos a elas.<\/p>\n<p>&nbsp;<\/p>\n<p>Ent\u00e3o, na hora de entrar no mar, redobre o cuidado para n\u00e3o ingerir \u00e1gua e aproveite o ver\u00e3o! \ud83d\ude09<\/p>\n<p>&nbsp;<\/p>\n","protected":false},"excerpt":{"rendered":"<p>Evite engolir \u00e1gua do mar Quem gosta de dar um bom mergulho ou pratica alguma atividade esportiva no mar certamente j\u00e1 engoliu um pouco de \u00e1gua salgada. Muitas vezes, com ondas fortes, \u00e9 bastante complicado evitar essa situa\u00e7\u00e3o, mas, um estudo brit\u00e2nico revelou uma descoberta que vai incentivar todo mundo a manter a boca fechada quando entrar no mar. J\u00e1 se sabe a \u00e1gua do mar n\u00e3o \u00e9 pot\u00e1vel, que n\u00e3o deve ser consumida em fun\u00e7\u00e3o da elevada concentra\u00e7\u00e3o de sal que apresenta. Essa \u00e1gua \u00e9 rica em cloreto de s\u00f3dio, o mesmo sal que usamos para preparar alimentos, e esse excesso de sal no nosso corpo faz com que as c\u00e9lulas comecem a perder \u00e1gua por osmose, o que provoca\u00a0desidrata\u00e7\u00e3o. Al\u00e9m desse problema, a \u00e1gua do mar possui alguns outros sais que provocam irrita\u00e7\u00e3o intestinal. Essa irrita\u00e7\u00e3o pode desencadear quadros de diarreia e, consequentemente, levar \u00e0 perda de uma maior quantidade de \u00e1gua. Por\u00e9m, um estudo realizado por pesquisadores da Faculdade de Medicina da Universidade de Exeter, no Reino Unido, aponta que engolir \u00e1gua do mar com frequ\u00eancia pode aumentar a contamina\u00e7\u00e3o por superbact\u00e9rias. Neste cen\u00e1rio, os surfistas \u00e9 que est\u00e3o expostos a um risco 9 vezes maior. Bact\u00e9rias [&hellip;]<\/p>\n","protected":false},"author":3,"featured_media":18292,"comment_status":"closed","ping_status":"closed","sticky":false,"template":"","format":"standard","meta":{"footnotes":""},"categories":[38,48,41],"tags":[],"yoast_head":"<!-- This site is optimized with the Yoast SEO plugin v21.7 - https:\/\/yoast.com\/wordpress\/plugins\/seo\/ -->\n<title>Evite engolir \u00e1gua do mar nos mergulhos do ver\u00e3o | Europa<\/title>\n<meta name=\"description\" content=\"Evite engolir \u00e1gua do mar - Quem gosta de dar um bom mergulho ou pratica alguma atividade esportiva no mar j\u00e1 engoliu um pouco de \u00e1gua.\" \/>\n<meta name=\"robots\" content=\"index, follow, max-snippet:-1, max-image-preview:large, max-video-preview:-1\" \/>\n<link rel=\"canonical\" href=\"https:\/\/www.institucional.europa.com.br\/blog\/evite-engolir-agua-do-mar\/\" \/>\n<meta property=\"og:locale\" content=\"pt_BR\" \/>\n<meta property=\"og:type\" content=\"article\" \/>\n<meta property=\"og:title\" content=\"Evite engolir \u00e1gua do mar nos mergulhos do ver\u00e3o | Europa\" \/>\n<meta property=\"og:description\" content=\"Evite engolir \u00e1gua do mar - Quem gosta de dar um bom mergulho ou pratica alguma atividade esportiva no mar j\u00e1 engoliu um pouco de \u00e1gua.\" \/>\n<meta property=\"og:url\" content=\"https:\/\/www.institucional.europa.com.br\/blog\/evite-engolir-agua-do-mar\/\" \/>\n<meta property=\"og:site_name\" content=\"Europa\" \/>\n<meta property=\"article:publisher\" content=\"https:\/\/www.facebook.com\/europapurificadores\" \/>\n<meta property=\"article:published_time\" content=\"2018-04-27T14:45:43+00:00\" \/>\n<meta property=\"article:modified_time\" content=\"2021-07-02T21:14:52+00:00\" \/>\n<meta property=\"og:image\" content=\"https:\/\/www.institucional.europa.com.br\/blog\/wp-content\/uploads\/2019\/05\/evite-engolir-agua-salgada.jpg\" \/>\n\t<meta property=\"og:image:width\" content=\"900\" \/>\n\t<meta property=\"og:image:height\" content=\"600\" \/>\n\t<meta property=\"og:image:type\" content=\"image\/jpeg\" \/>\n<meta name=\"author\" content=\"Andreo\" \/>\n<meta name=\"twitter:card\" content=\"summary_large_image\" \/>\n<meta name=\"twitter:label1\" content=\"Escrito por\" \/>\n\t<meta name=\"twitter:data1\" content=\"Andreo\" \/>\n\t<meta name=\"twitter:label2\" content=\"Est. tempo de leitura\" \/>\n\t<meta name=\"twitter:data2\" content=\"2 minutos\" \/>\n<script type=\"application\/ld+json\" class=\"yoast-schema-graph\">{\"@context\":\"https:\/\/schema.org\",\"@graph\":[{\"@type\":\"Article\",\"@id\":\"https:\/\/www.institucional.europa.com.br\/blog\/evite-engolir-agua-do-mar\/#article\",\"isPartOf\":{\"@id\":\"https:\/\/www.institucional.europa.com.br\/blog\/evite-engolir-agua-do-mar\/\"},\"author\":{\"name\":\"Andreo\",\"@id\":\"https:\/\/www.institucional.europa.com.br\/blog\/#\/schema\/person\/68b8a5946bf87d89a3c20f78f2519a18\"},\"headline\":\"Evite engolir \u00e1gua do mar nos mergulhos do ver\u00e3o | Europa\",\"datePublished\":\"2018-04-27T14:45:43+00:00\",\"dateModified\":\"2021-07-02T21:14:52+00:00\",\"mainEntityOfPage\":{\"@id\":\"https:\/\/www.institucional.europa.com.br\/blog\/evite-engolir-agua-do-mar\/\"},\"wordCount\":403,\"publisher\":{\"@id\":\"https:\/\/www.institucional.europa.com.br\/blog\/#organization\"},\"articleSection\":[\"Corpo L\u00edquido\",\"Todos\",\"Tudo Sobre \u00c1gua\"],\"inLanguage\":\"pt-BR\"},{\"@type\":\"WebPage\",\"@id\":\"https:\/\/www.institucional.europa.com.br\/blog\/evite-engolir-agua-do-mar\/\",\"url\":\"https:\/\/www.institucional.europa.com.br\/blog\/evite-engolir-agua-do-mar\/\",\"name\":\"Evite engolir \u00e1gua do mar nos mergulhos do ver\u00e3o | Europa\",\"isPartOf\":{\"@id\":\"https:\/\/www.institucional.europa.com.br\/blog\/#website\"},\"datePublished\":\"2018-04-27T14:45:43+00:00\",\"dateModified\":\"2021-07-02T21:14:52+00:00\",\"description\":\"Evite engolir \u00e1gua do mar - Quem gosta de dar um bom mergulho ou pratica alguma atividade esportiva no mar j\u00e1 engoliu um pouco de \u00e1gua.\",\"breadcrumb\":{\"@id\":\"https:\/\/www.institucional.europa.com.br\/blog\/evite-engolir-agua-do-mar\/#breadcrumb\"},\"inLanguage\":\"pt-BR\",\"potentialAction\":[{\"@type\":\"ReadAction\",\"target\":[\"https:\/\/www.institucional.europa.com.br\/blog\/evite-engolir-agua-do-mar\/\"]}]},{\"@type\":\"BreadcrumbList\",\"@id\":\"https:\/\/www.institucional.europa.com.br\/blog\/evite-engolir-agua-do-mar\/#breadcrumb\",\"itemListElement\":[{\"@type\":\"ListItem\",\"position\":1,\"name\":\"In\u00edcio\",\"item\":\"https:\/\/www.institucional.europa.com.br\/blog\/\"},{\"@type\":\"ListItem\",\"position\":2,\"name\":\"Evite engolir \u00e1gua do mar nos mergulhos do ver\u00e3o | Europa\"}]},{\"@type\":\"WebSite\",\"@id\":\"https:\/\/www.institucional.europa.com.br\/blog\/#website\",\"url\":\"https:\/\/www.institucional.europa.com.br\/blog\/\",\"name\":\"Purificadores Europa\",\"description\":\"O mundo precisa de mais pureza\",\"publisher\":{\"@id\":\"https:\/\/www.institucional.europa.com.br\/blog\/#organization\"},\"potentialAction\":[{\"@type\":\"SearchAction\",\"target\":{\"@type\":\"EntryPoint\",\"urlTemplate\":\"https:\/\/www.institucional.europa.com.br\/blog\/?s={search_term_string}\"},\"query-input\":\"required name=search_term_string\"}],\"inLanguage\":\"pt-BR\"},{\"@type\":\"Organization\",\"@id\":\"https:\/\/www.institucional.europa.com.br\/blog\/#organization\",\"name\":\"Purificadores Europa\",\"url\":\"https:\/\/www.institucional.europa.com.br\/blog\/\",\"logo\":{\"@type\":\"ImageObject\",\"inLanguage\":\"pt-BR\",\"@id\":\"https:\/\/www.institucional.europa.com.br\/blog\/#\/schema\/logo\/image\/\",\"url\":\"https:\/\/europa.com.br\/blog\/wp-content\/uploads\/2018\/08\/logo.png\",\"contentUrl\":\"https:\/\/europa.com.br\/blog\/wp-content\/uploads\/2018\/08\/logo.png\",\"width\":200,\"height\":49,\"caption\":\"Purificadores Europa\"},\"image\":{\"@id\":\"https:\/\/www.institucional.europa.com.br\/blog\/#\/schema\/logo\/image\/\"},\"sameAs\":[\"https:\/\/www.facebook.com\/europapurificadores\",\"https:\/\/www.instagram.com\/purificadoreseuropa_oficial\/\",\"https:\/\/www.youtube.com\/channel\/UCp62KWK-tLexf61dOiO3ZaQ\"]},{\"@type\":\"Person\",\"@id\":\"https:\/\/www.institucional.europa.com.br\/blog\/#\/schema\/person\/68b8a5946bf87d89a3c20f78f2519a18\",\"name\":\"Andreo\"}]}<\/script>\n<!-- \/ Yoast SEO plugin. -->","yoast_head_json":{"title":"Evite engolir \u00e1gua do mar nos mergulhos do ver\u00e3o | Europa","description":"Evite engolir \u00e1gua do mar - Quem gosta de dar um bom mergulho ou pratica alguma atividade esportiva no mar j\u00e1 engoliu um pouco de \u00e1gua.","robots":{"index":"index","follow":"follow","max-snippet":"max-snippet:-1","max-image-preview":"max-image-preview:large","max-video-preview":"max-video-preview:-1"},"canonical":"https:\/\/www.institucional.europa.com.br\/blog\/evite-engolir-agua-do-mar\/","og_locale":"pt_BR","og_type":"article","og_title":"Evite engolir \u00e1gua do mar nos mergulhos do ver\u00e3o | Europa","og_description":"Evite engolir \u00e1gua do mar - Quem gosta de dar um bom mergulho ou pratica alguma atividade esportiva no mar j\u00e1 engoliu um pouco de \u00e1gua.","og_url":"https:\/\/www.institucional.europa.com.br\/blog\/evite-engolir-agua-do-mar\/","og_site_name":"Europa","article_publisher":"https:\/\/www.facebook.com\/europapurificadores","article_published_time":"2018-04-27T14:45:43+00:00","article_modified_time":"2021-07-02T21:14:52+00:00","og_image":[{"width":900,"height":600,"url":"https:\/\/www.institucional.europa.com.br\/blog\/wp-content\/uploads\/2019\/05\/evite-engolir-agua-salgada.jpg","type":"image\/jpeg"}],"author":"Andreo","twitter_card":"summary_large_image","twitter_misc":{"Escrito por":"Andreo","Est. tempo de leitura":"2 minutos"},"schema":{"@context":"https:\/\/schema.org","@graph":[{"@type":"Article","@id":"https:\/\/www.institucional.europa.com.br\/blog\/evite-engolir-agua-do-mar\/#article","isPartOf":{"@id":"https:\/\/www.institucional.europa.com.br\/blog\/evite-engolir-agua-do-mar\/"},"author":{"name":"Andreo","@id":"https:\/\/www.institucional.europa.com.br\/blog\/#\/schema\/person\/68b8a5946bf87d89a3c20f78f2519a18"},"headline":"Evite engolir \u00e1gua do mar nos mergulhos do ver\u00e3o | Europa","datePublished":"2018-04-27T14:45:43+00:00","dateModified":"2021-07-02T21:14:52+00:00","mainEntityOfPage":{"@id":"https:\/\/www.institucional.europa.com.br\/blog\/evite-engolir-agua-do-mar\/"},"wordCount":403,"publisher":{"@id":"https:\/\/www.institucional.europa.com.br\/blog\/#organization"},"articleSection":["Corpo L\u00edquido","Todos","Tudo Sobre \u00c1gua"],"inLanguage":"pt-BR"},{"@type":"WebPage","@id":"https:\/\/www.institucional.europa.com.br\/blog\/evite-engolir-agua-do-mar\/","url":"https:\/\/www.institucional.europa.com.br\/blog\/evite-engolir-agua-do-mar\/","name":"Evite engolir \u00e1gua do mar nos mergulhos do ver\u00e3o | Europa","isPartOf":{"@id":"https:\/\/www.institucional.europa.com.br\/blog\/#website"},"datePublished":"2018-04-27T14:45:43+00:00","dateModified":"2021-07-02T21:14:52+00:00","description":"Evite engolir \u00e1gua do mar - Quem gosta de dar um bom mergulho ou pratica alguma atividade esportiva no mar j\u00e1 engoliu um pouco de \u00e1gua.","breadcrumb":{"@id":"https:\/\/www.institucional.europa.com.br\/blog\/evite-engolir-agua-do-mar\/#breadcrumb"},"inLanguage":"pt-BR","potentialAction":[{"@type":"ReadAction","target":["https:\/\/www.institucional.europa.com.br\/blog\/evite-engolir-agua-do-mar\/"]}]},{"@type":"BreadcrumbList","@id":"https:\/\/www.institucional.europa.com.br\/blog\/evite-engolir-agua-do-mar\/#breadcrumb","itemListElement":[{"@type":"ListItem","position":1,"name":"In\u00edcio","item":"https:\/\/www.institucional.europa.com.br\/blog\/"},{"@type":"ListItem","position":2,"name":"Evite engolir \u00e1gua do mar nos mergulhos do ver\u00e3o | Europa"}]},{"@type":"WebSite","@id":"https:\/\/www.institucional.europa.com.br\/blog\/#website","url":"https:\/\/www.institucional.europa.com.br\/blog\/","name":"Purificadores Europa","description":"O mundo precisa de mais pureza","publisher":{"@id":"https:\/\/www.institucional.europa.com.br\/blog\/#organization"},"potentialAction":[{"@type":"SearchAction","target":{"@type":"EntryPoint","urlTemplate":"https:\/\/www.institucional.europa.com.br\/blog\/?s={search_term_string}"},"query-input":"required name=search_term_string"}],"inLanguage":"pt-BR"},{"@type":"Organization","@id":"https:\/\/www.institucional.europa.com.br\/blog\/#organization","name":"Purificadores Europa","url":"https:\/\/www.institucional.europa.com.br\/blog\/","logo":{"@type":"ImageObject","inLanguage":"pt-BR","@id":"https:\/\/www.institucional.europa.com.br\/blog\/#\/schema\/logo\/image\/","url":"https:\/\/europa.com.br\/blog\/wp-content\/uploads\/2018\/08\/logo.png","contentUrl":"https:\/\/europa.com.br\/blog\/wp-content\/uploads\/2018\/08\/logo.png","width":200,"height":49,"caption":"Purificadores Europa"},"image":{"@id":"https:\/\/www.institucional.europa.com.br\/blog\/#\/schema\/logo\/image\/"},"sameAs":["https:\/\/www.facebook.com\/europapurificadores","https:\/\/www.instagram.com\/purificadoreseuropa_oficial\/","https:\/\/www.youtube.com\/channel\/UCp62KWK-tLexf61dOiO3ZaQ"]},{"@type":"Person","@id":"https:\/\/www.institucional.europa.com.br\/blog\/#\/schema\/person\/68b8a5946bf87d89a3c20f78f2519a18","name":"Andreo"}]}},"_links":{"self":[{"href":"https:\/\/www.institucional.europa.com.br\/blog\/wp-json\/wp\/v2\/posts\/18291"}],"collection":[{"href":"https:\/\/www.institucional.europa.com.br\/blog\/wp-json\/wp\/v2\/posts"}],"about":[{"href":"https:\/\/www.institucional.europa.com.br\/blog\/wp-json\/wp\/v2\/types\/post"}],"author":[{"embeddable":true,"href":"https:\/\/www.institucional.europa.com.br\/blog\/wp-json\/wp\/v2\/users\/3"}],"replies":[{"embeddable":true,"href":"https:\/\/www.institucional.europa.com.br\/blog\/wp-json\/wp\/v2\/comments?post=18291"}],"version-history":[{"count":0,"href":"https:\/\/www.institucional.europa.com.br\/blog\/wp-json\/wp\/v2\/posts\/18291\/revisions"}],"wp:featuredmedia":[{"embeddable":true,"href":"https:\/\/www.institucional.europa.com.br\/blog\/wp-json\/wp\/v2\/media\/18292"}],"wp:attachment":[{"href":"https:\/\/www.institucional.europa.com.br\/blog\/wp-json\/wp\/v2\/media?parent=18291"}],"wp:term":[{"taxonomy":"category","embeddable":true,"href":"https:\/\/www.institucional.europa.com.br\/blog\/wp-json\/wp\/v2\/categories?post=18291"},{"taxonomy":"post_tag","embeddable":true,"href":"https:\/\/www.institucional.europa.com.br\/blog\/wp-json\/wp\/v2\/tags?post=18291"}],"curies":[{"name":"wp","href":"https:\/\/api.w.org\/{rel}","templated":true}]}}